{"id":141264,"date":"2015-07-22T09:22:36","date_gmt":"2015-07-22T07:22:36","guid":{"rendered":"http:\/\/www.fuldaer-nachrichten.de\/?p=141264"},"modified":"2015-07-22T09:22:36","modified_gmt":"2015-07-22T07:22:36","slug":"10-lauf-der-jugend-kart-slalom-veranstaltung-des-adac-hessen-thueringen-region-nord-msc-braach","status":"publish","type":"post","link":"https:\/\/www.fuldaernachrichten.de\/?p=141264","title":{"rendered":"10. Lauf der Jugend-Kart-Slalom Veranstaltung des ADAC Hessen-Th\u00fcringen Region Nord MSC-Braach"},"content":{"rendered":"<p>Am Sonntag veranstaltete der MSC-Braach 1980 e.V. mit gro\u00dfem Erfolg den 10. Lauf der Jugend-Kart-Slalom Veranstaltung des ADAC Hessen-Th\u00fcringen Region Nord. Insgesamt nahmen 120 Kinder und Jugendliche zwischen acht und siebzehn Jahren nahmen an dem Lauf in f\u00fcnf Klassen teil.<\/p>\n<p>Beim Kartslalom soll im fairen Wettkampf die Geschicklichkeit im Umgang mit motorisierten Fahrzeugen gef\u00f6rdert werden. Der zu fahrende Parcours besteht dabei aus verschiedenen Aufgaben, wie zum Beispiel Spurengasse, Slalom (Schweizer), Teilkreisel (Pizza-St\u00fcck), Ypsilon usw. F\u00fcr umgefahrene Pylonen oder ausgelassene Figuren gibt es entsprechend dem ADAC-Reglement Strafsekunden, die zur Fahrzeit dazu gez\u00e4hlt werden. Daher ist der Parcours in k\u00fcrzester Zeit m\u00f6glichst fehlerfrei zu absolvieren.<br \/>\nJeder Teilnehmer durchl\u00e4uft einen Trainingslauf und zwei Wertungsl\u00e4ufe.<\/p>\n<p>Der MSC-Braach war in den Klassen 2 bis 5 sehr gut vertreten, sodass das erste Team mit den Fahrern Tim Bengsch, Niklas Bambey, Marcel Bremicker und Ciro Nappi den 3. Platz und das zweite Team mit den Fahrern Bianca Hahn, Luca Nappi und Felix Arend den 4. Platz der Teamwertung erreichten.<\/p>\n<p>Rechts MSC Braach Team 1<\/p>\n<p>Auch in den Einzelwertungen war der MSC-Braach sehr leistungsstark.<br \/>\nIn der 2. Klasse fuhr Bianca Hahn eine hervorragende Leistung und setzte sich trotz zweier Strafsekunden mit einem Riesen-Abstand von mehr als 2 Sekunden auf den verdienten 1. Platz.<br \/>\nTim Bengsch, der erst in diesem Jahr mit dem Karttraining begonnen hat, erreichte einen guten 10. Platz.<\/p>\n<p>Mitte: Bianca Hahn, 5vl. Tim Bengsch<\/p>\n<p>In der 3. Klasse fuhr Luca Nappi eine unglaubliche Trainigszeit die er in dem ersten Wertungslauf best\u00e4tigen konnte. Zu dieser Zeit lag er mit Abstand an der Tabellenspitze. Leider unterlief ihm in einer Aufgabe ein Fehler, sodass er im zweiten Wertungslauf 12 Strafsekunden einfuhr. Dies gen\u00fcgte leider nur f\u00fcr den 16. Platz.<br \/>\nIn der 4. Klasse fuhr Felix Arend einen sehr guten Trainingslauf, den er leider durch den einsetzenden Regen nicht in dem ersten Wertungslauf wiederholen konnte. Nachdem auf Intermediate-Reifen gewechselt wurde, erreichte er im zweiten Wertungslauf die zweitschnellste Zeit. Damit erreichte er einen guten 5. Platz.<\/p>\n<p>5vl. Felix Arend<\/p>\n<p>In der 5. Klasse fuhr Marcel Bremicker im ersten Wertungslauf eine sehr gute Zeit, doch im Halteraum stellte sich das Kart quer und schob eine Pylone aus der Markierung. Im zweiten Wertungslauf fuhr er die schnellste Runde, was ihm trotz der zwei Strafsekunden den 3. Platz einbrachte. Ciro Nappi fuhr wie gewohnt sehr harmonisch durch den gesamten Parcours und erreichte fehlerfrei den 2. Platz mit nur einer Hundertstel Abstand zur Erstplatzierten.<br \/>\nNeuzugang Niclas Bambey fuhr fehlerfrei auf den 14 Platz.<\/p>\n<p>Vlnr. Ciro Nappi, Michelle Anklam, Marcel Bremicker<\/p>\n<p>Damit steht die Gesamtwertung \u00fcber 10 L\u00e4ufe des Jugend-Kart-Slaloms vom ADAC Hessen-Th\u00fcringen Region Nord fest.<br \/>\nKlasse 2: Bianca Hahn Platz 6, Tim Bengsch Platz 13<br \/>\nKlasse 3: Luca Nappi Platz 1<br \/>\nKlasse 4: Felix Arend Platz 7<br \/>\nKlasse 5: Ciro Nappi Platz 3, Marcel Bremicker Platz 4, Niclas Bambey Platz 16<\/p>\n<p>Damit ist die Qualifizierung f\u00fcr die Endl\u00e4ufe der Hessen-Th\u00fcringen Meisterschaft abgeschlossen und folgende Endlaufteilnehmer sind somit Bianca Hahn, Luca Nappi, Felix Arend, Ciro Nappi und Marcel Bremicker.<\/p>\n<p>&nbsp;<\/p>\n","protected":false},"excerpt":{"rendered":"<div class=\"tmnf_excerpt\"><p>Am Sonntag veranstaltete der MSC-Braach 1980 e.V. mit gro\u00dfem Erfolg den 10. Lauf der Jugend-Kart-Slalom Veranstaltung des ADAC Hessen-Th\u00fcringen Region Nord. Insgesamt nahmen 120 Kinder und Jugendliche zwischen acht und siebzehn Jahren nahmen an dem Lauf in f\u00fcnf Klassen teil. Beim Kartslalom soll im fairen Wettkampf die Geschicklichkeit im Umgang mit motorisierten Fahrzeugen gef\u00f6rdert werden. &hellip;<\/p>\n<\/div>","protected":false},"author":1,"featured_media":141266,"comment_status":"closed","ping_status":"closed","sticky":false,"template":"","format":"standard","meta":{"footnotes":""},"categories":[1,35,72,46],"tags":[],"class_list":["post-141264","post","type-post","status-publish","format-standard","has-post-thumbnail","hentry","category-startseite","category-auto","category-jugend","category-sport"],"_links":{"self":[{"href":"https:\/\/www.fuldaernachrichten.de\/index.php?rest_route=\/wp\/v2\/posts\/141264","targetHints":{"allow":["GET"]}}],"collection":[{"href":"https:\/\/www.fuldaernachrichten.de\/index.php?rest_route=\/wp\/v2\/posts"}],"about":[{"href":"https:\/\/www.fuldaernachrichten.de\/index.php?rest_route=\/wp\/v2\/types\/post"}],"author":[{"embeddable":true,"href":"https:\/\/www.fuldaernachrichten.de\/index.php?rest_route=\/wp\/v2\/users\/1"}],"replies":[{"embeddable":true,"href":"https:\/\/www.fuldaernachrichten.de\/index.php?rest_route=%2Fwp%2Fv2%2Fcomments&post=141264"}],"version-history":[{"count":1,"href":"https:\/\/www.fuldaernachrichten.de\/index.php?rest_route=\/wp\/v2\/posts\/141264\/revisions"}],"predecessor-version":[{"id":141267,"href":"https:\/\/www.fuldaernachrichten.de\/index.php?rest_route=\/wp\/v2\/posts\/141264\/revisions\/141267"}],"wp:featuredmedia":[{"embeddable":true,"href":"https:\/\/www.fuldaernachrichten.de\/index.php?rest_route=\/wp\/v2\/media\/141266"}],"wp:attachment":[{"href":"https:\/\/www.fuldaernachrichten.de\/index.php?rest_route=%2Fwp%2Fv2%2Fmedia&parent=141264"}],"wp:term":[{"taxonomy":"category","embeddable":true,"href":"https:\/\/www.fuldaernachrichten.de\/index.php?rest_route=%2Fwp%2Fv2%2Fcategories&post=141264"},{"taxonomy":"post_tag","embeddable":true,"href":"https:\/\/www.fuldaernachrichten.de\/index.php?rest_route=%2Fwp%2Fv2%2Ftags&post=141264"}],"curies":[{"name":"wp","href":"https:\/\/api.w.org\/{rel}","templated":true}]}}