{"id":141244,"date":"2015-07-21T18:01:19","date_gmt":"2015-07-21T16:01:19","guid":{"rendered":"http:\/\/www.fuldaer-nachrichten.de\/?p=141244"},"modified":"2015-07-21T18:01:19","modified_gmt":"2015-07-21T16:01:19","slug":"koempel-ein-fehler-der-nun-behoben-wurde","status":"publish","type":"post","link":"https:\/\/www.fuldaernachrichten.de\/?p=141244","title":{"rendered":"K\u00f6mpel: Ein Fehler, der nun behoben wurde"},"content":{"rendered":"<p>\u201eDie Einf\u00fchrung des Betreuungsgeldes war aus meiner Sicht der falsche Weg, denn es hat viele Kinder von fr\u00fchkindlicher Bildung ferngehalten\u201c, sagt die SPD-Bundestagsabgeordnete Birgit K\u00f6mpel nach der Entscheidung des Bundesverfassungsgerichtes in Karlsruhe. Die Richter hatten das Gesetz gekippt, weil der Bund ihrer Ansicht nach gar nicht zust\u00e4ndig ist. \u201eWir sollten das Geld, das nun eingespart wird in den Ausbau von Kindertagesst\u00e4tten und in die Nachmittagsbetreuung von Grundschulen nutzen. Da besteht auch in meinem Wahlkreis durchaus noch Bedarf\u201c, sagt die Sozialdemokratin, die im Bund Mitglied des Ausschusses f\u00fcr Familie, Senioren, Frauen und Jugend ist.\u00c2\u00a0 K\u00f6mpel: \u201eDie Qualit\u00e4t der fr\u00fchkindlichen Betreuung muss verbessert werden, zudem brauchen wir auch eine bessere Nachmittagsbetreuung f\u00fcr Grundschulkinder.\u201c<\/p>\n<p>Es soll nach Meinung der Abgeordneten allerdings auch \u00fcberlegt werden, wie der Bestandsschutz von Familien, die bereits Betreuungsgeld beziehen, gew\u00e4hrleistet werden kann. \u201eFamilien, die sich f\u00fcr dieses Modell entschieden haben, sollten das Betreuungsgeld auch bis zum Ende bekommen. \u201eWir k\u00f6nnen nicht einfach die festen Planungen und gemeinsamen Absprachen der Eltern von heute auf Morgen \u00e4ndern\u201c, stellt K\u00f6mpel fest.<\/p>\n<p>Nicht zu Unrecht sei das Betreuungsgeld im Volksmund aber auch \u201eHerdpr\u00e4mie\u201c genannt worden, sagt K\u00f6mpel: \u201eDas Betreuungsgeld steht f\u00fcr ein veraltetes Familienmodell. Dass der Mann die Familie ern\u00e4hrt, w\u00e4hrend die Frau sich um die Kinder k\u00fcmmert, ist nicht mehr zeitgem\u00e4\u00df. So wollen weder junge Frauen noch ihre M\u00e4nner leben.\u201c<br \/>\nAuf keinen Fall d\u00fcrfe das nun zur Verf\u00fcgung stehende zus\u00e4tzliche Geld im Haushalt versickern. Daf\u00fcr werde sie sich zusammen mit ihren Kolleginnen und Kollegen aus dem Familienausschuss einsetzen, sagt K\u00f6mpel abschlie\u00dfend.<\/p>\n","protected":false},"excerpt":{"rendered":"<div class=\"tmnf_excerpt\"><p>\u201eDie Einf\u00fchrung des Betreuungsgeldes war aus meiner Sicht der falsche Weg, denn es hat viele Kinder von fr\u00fchkindlicher Bildung ferngehalten\u201c, sagt die SPD-Bundestagsabgeordnete Birgit K\u00f6mpel nach der Entscheidung des Bundesverfassungsgerichtes in Karlsruhe. Die Richter hatten das Gesetz gekippt, weil der Bund ihrer Ansicht nach gar nicht zust\u00e4ndig ist. \u201eWir sollten das Geld, das nun eingespart &hellip;<\/p>\n<\/div>","protected":false},"author":1,"featured_media":141245,"comment_status":"closed","ping_status":"closed","sticky":false,"template":"","format":"standard","meta":{"footnotes":""},"categories":[1,72,29],"tags":[],"class_list":["post-141244","post","type-post","status-publish","format-standard","has-post-thumbnail","hentry","category-startseite","category-jugend","category-politik"],"_links":{"self":[{"href":"https:\/\/www.fuldaernachrichten.de\/index.php?rest_route=\/wp\/v2\/posts\/141244","targetHints":{"allow":["GET"]}}],"collection":[{"href":"https:\/\/www.fuldaernachrichten.de\/index.php?rest_route=\/wp\/v2\/posts"}],"about":[{"href":"https:\/\/www.fuldaernachrichten.de\/index.php?rest_route=\/wp\/v2\/types\/post"}],"author":[{"embeddable":true,"href":"https:\/\/www.fuldaernachrichten.de\/index.php?rest_route=\/wp\/v2\/users\/1"}],"replies":[{"embeddable":true,"href":"https:\/\/www.fuldaernachrichten.de\/index.php?rest_route=%2Fwp%2Fv2%2Fcomments&post=141244"}],"version-history":[{"count":1,"href":"https:\/\/www.fuldaernachrichten.de\/index.php?rest_route=\/wp\/v2\/posts\/141244\/revisions"}],"predecessor-version":[{"id":141246,"href":"https:\/\/www.fuldaernachrichten.de\/index.php?rest_route=\/wp\/v2\/posts\/141244\/revisions\/141246"}],"wp:featuredmedia":[{"embeddable":true,"href":"https:\/\/www.fuldaernachrichten.de\/index.php?rest_route=\/wp\/v2\/media\/141245"}],"wp:attachment":[{"href":"https:\/\/www.fuldaernachrichten.de\/index.php?rest_route=%2Fwp%2Fv2%2Fmedia&parent=141244"}],"wp:term":[{"taxonomy":"category","embeddable":true,"href":"https:\/\/www.fuldaernachrichten.de\/index.php?rest_route=%2Fwp%2Fv2%2Fcategories&post=141244"},{"taxonomy":"post_tag","embeddable":true,"href":"https:\/\/www.fuldaernachrichten.de\/index.php?rest_route=%2Fwp%2Fv2%2Ftags&post=141244"}],"curies":[{"name":"wp","href":"https:\/\/api.w.org\/{rel}","templated":true}]}}