{"id":141237,"date":"2015-07-21T18:00:35","date_gmt":"2015-07-21T16:00:35","guid":{"rendered":"http:\/\/www.fuldaer-nachrichten.de\/?p=141237"},"modified":"2015-07-21T18:00:35","modified_gmt":"2015-07-21T16:00:35","slug":"englisch-lesetage-bei-der-volkshochschule-des-landkreises","status":"publish","type":"post","link":"https:\/\/www.fuldaernachrichten.de\/?p=141237","title":{"rendered":"Englisch Lesetage bei der Volkshochschule des Landkreises"},"content":{"rendered":"<p>An Englisch-Lesetagen der Volkshochschule des Landkreises Fulda werden kleinere Lekt\u00fcren erarbeitet, um danach auf Englisch dar\u00fcber zu reden. Die Lesetage sollen diejenigen ansprechen, die Spa\u00df am Lesen und so auch am Lesen englischer B\u00fccher haben. Der Kurs findet vom 10. bis 12. August jeweils von 17.15 Uhr bis 21.45 Uhr in Fulda, Georg-Stieler-Haus, Gallasiniring 1, statt. Infos und vorherige Anmeldung unter www.vhs-fulda.de oder bei der VHS-Gesch\u00e4ftsstelle, Telefon (0661)25199-0.<\/p>\n","protected":false},"excerpt":{"rendered":"<div class=\"tmnf_excerpt\"><p>An Englisch-Lesetagen der Volkshochschule des Landkreises Fulda werden kleinere Lekt\u00fcren erarbeitet, um danach auf Englisch dar\u00fcber zu reden. Die Lesetage sollen diejenigen ansprechen, die Spa\u00df am Lesen und so auch am Lesen englischer B\u00fccher haben. Der Kurs findet vom 10. bis 12. August jeweils von 17.15 Uhr bis 21.45 Uhr in Fulda, Georg-Stieler-Haus, Gallasiniring 1, &hellip;<\/p>\n<\/div>","protected":false},"author":1,"featured_media":0,"comment_status":"closed","ping_status":"closed","sticky":false,"template":"","format":"standard","meta":{"footnotes":""},"categories":[1,53],"tags":[],"class_list":["post-141237","post","type-post","status-publish","format-standard","hentry","category-startseite","category-bildung"],"_links":{"self":[{"href":"https:\/\/www.fuldaernachrichten.de\/index.php?rest_route=\/wp\/v2\/posts\/141237","targetHints":{"allow":["GET"]}}],"collection":[{"href":"https:\/\/www.fuldaernachrichten.de\/index.php?rest_route=\/wp\/v2\/posts"}],"about":[{"href":"https:\/\/www.fuldaernachrichten.de\/index.php?rest_route=\/wp\/v2\/types\/post"}],"author":[{"embeddable":true,"href":"https:\/\/www.fuldaernachrichten.de\/index.php?rest_route=\/wp\/v2\/users\/1"}],"replies":[{"embeddable":true,"href":"https:\/\/www.fuldaernachrichten.de\/index.php?rest_route=%2Fwp%2Fv2%2Fcomments&post=141237"}],"version-history":[{"count":1,"href":"https:\/\/www.fuldaernachrichten.de\/index.php?rest_route=\/wp\/v2\/posts\/141237\/revisions"}],"predecessor-version":[{"id":141243,"href":"https:\/\/www.fuldaernachrichten.de\/index.php?rest_route=\/wp\/v2\/posts\/141237\/revisions\/141243"}],"wp:attachment":[{"href":"https:\/\/www.fuldaernachrichten.de\/index.php?rest_route=%2Fwp%2Fv2%2Fmedia&parent=141237"}],"wp:term":[{"taxonomy":"category","embeddable":true,"href":"https:\/\/www.fuldaernachrichten.de\/index.php?rest_route=%2Fwp%2Fv2%2Fcategories&post=141237"},{"taxonomy":"post_tag","embeddable":true,"href":"https:\/\/www.fuldaernachrichten.de\/index.php?rest_route=%2Fwp%2Fv2%2Ftags&post=141237"}],"curies":[{"name":"wp","href":"https:\/\/api.w.org\/{rel}","templated":true}]}}