{"id":141234,"date":"2015-07-21T17:59:00","date_gmt":"2015-07-21T15:59:00","guid":{"rendered":"http:\/\/www.fuldaer-nachrichten.de\/?p=141234"},"modified":"2015-07-21T17:59:00","modified_gmt":"2015-07-21T15:59:00","slug":"mint-girls-camps-mathematik-informatik-naturwissenschaft-und-technik-freie-plaetze-im-camp-kassel-vom-18-23-10-und-im-camp-fulda-vom-25-30-1-0","status":"publish","type":"post","link":"https:\/\/www.fuldaernachrichten.de\/?p=141234","title":{"rendered":"MINT Girls Camps- Mathematik, Informatik, Naturwissenschaft und Technik Freie Pl\u00e4tze im Camp Kassel vom 18.-23.10. und im Camp Fulda vom 25.-30.1.0"},"content":{"rendered":"<p>Auf dem Arbeitsmarkt herrscht ein Ungleichgewicht zwischen Angebot und Nachfrage, welches dazu f\u00fchrt, dass offene Stellen nicht angemessen besetzt werden k\u00f6nnen. Dabei ist der sich anbahnende, vor allem durch den demographischen Wandel bedingte Arbeitskr\u00e4ftemangel prim\u00e4r ein Fachkr\u00e4ftemangel. Zudem verl\u00e4uft das Berufswahlverhalten auffallend geschlechterstereotypisiert. Insbesondere sind M\u00e4dchen und Frauen im MINT-Bereich stark unterrepr\u00e4sentiert.<\/p>\n<p>Um M\u00e4dchen in diesem Bereich zu st\u00e4rken, haben das Hessische Ministerium f\u00fcr Wirtschaft, Energie, Verkehr und Landesentwicklung, die Regionaldirektion Hessen der Bundesagentur f\u00fcr Arbeit mit Unterst\u00fctzung des Hessischen Kultusministeriums das Projekt MINT Girls Camps ins Leben gerufen.<\/p>\n<p>Die MINT Girls Camps bieten M\u00e4dchen zwischen 14 und 16 Jahren eine Woche lang praktische Einblicke in die Berufe der Mathematik, der Informatik, der Naturwissenschaft und Technik (MINT), indem in den Laboren und Werkst\u00e4tten\u00c2\u00a0 regionaler Firmen wie SMA Solar Technology AG (kassel) oder EDAG Engineering GmbH (Fulda) typische Werkst\u00fccke hergestellt und die vielf\u00e4ltigen Ausbildungsberufe kennengelernt werden k\u00f6nnen.\u00c2\u00a0 Hier werden Themen wie Chemie, Metallverarbeitung, Informatik und Elektrik praktisch erfahrbar und zudem Hilfen f\u00fcr die Berufsorientierung gegeben (in Zusammenarbeit mit den regionalen Agenturen f\u00fcr Arbeit).<\/p>\n<p>Eingebunden sind die Praxistage in ein Camp-Konzept, das den 20 Teilnehmerinnen au\u00dferdem ein attraktives und bewegtes Bildungs- und Freizeitprogramm bietet. So sorgen am Nachmittag und Abend ein buntes Programm von sportlichen Highlights mit Klettern, Schwimmen, Spielen und Abenteuersport sowie ein Wellnessabend f\u00fcr das richtige Feriengef\u00fchl.<\/p>\n<p>F\u00fcr die Teilnehmerinnen entsteht ein Kostenbeitrag in H\u00f6he von 50,00 Euro pro Person. Die \u00dcbernachtung in Jugendherbergen oder Bildungsst\u00e4tten des Landessportbundes Hessen, Verpflegung, die Teilnahme am gesamten Programm und die Fahrtkosten vor Ort werden durch Mittel des Landes Hessen, der Regionaldirektion Hessen und des Europ\u00e4ischen Sozialfonds getragen.<\/p>\n","protected":false},"excerpt":{"rendered":"<div class=\"tmnf_excerpt\"><p>Auf dem Arbeitsmarkt herrscht ein Ungleichgewicht zwischen Angebot und Nachfrage, welches dazu f\u00fchrt, dass offene Stellen nicht angemessen besetzt werden k\u00f6nnen. Dabei ist der sich anbahnende, vor allem durch den demographischen Wandel bedingte Arbeitskr\u00e4ftemangel prim\u00e4r ein Fachkr\u00e4ftemangel. Zudem verl\u00e4uft das Berufswahlverhalten auffallend geschlechterstereotypisiert. Insbesondere sind M\u00e4dchen und Frauen im MINT-Bereich stark unterrepr\u00e4sentiert. Um M\u00e4dchen in &hellip;<\/p>\n<\/div>","protected":false},"author":1,"featured_media":0,"comment_status":"closed","ping_status":"closed","sticky":false,"template":"","format":"standard","meta":{"footnotes":""},"categories":[1,53,72],"tags":[],"class_list":["post-141234","post","type-post","status-publish","format-standard","hentry","category-startseite","category-bildung","category-jugend"],"_links":{"self":[{"href":"https:\/\/www.fuldaernachrichten.de\/index.php?rest_route=\/wp\/v2\/posts\/141234","targetHints":{"allow":["GET"]}}],"collection":[{"href":"https:\/\/www.fuldaernachrichten.de\/index.php?rest_route=\/wp\/v2\/posts"}],"about":[{"href":"https:\/\/www.fuldaernachrichten.de\/index.php?rest_route=\/wp\/v2\/types\/post"}],"author":[{"embeddable":true,"href":"https:\/\/www.fuldaernachrichten.de\/index.php?rest_route=\/wp\/v2\/users\/1"}],"replies":[{"embeddable":true,"href":"https:\/\/www.fuldaernachrichten.de\/index.php?rest_route=%2Fwp%2Fv2%2Fcomments&post=141234"}],"version-history":[{"count":1,"href":"https:\/\/www.fuldaernachrichten.de\/index.php?rest_route=\/wp\/v2\/posts\/141234\/revisions"}],"predecessor-version":[{"id":141235,"href":"https:\/\/www.fuldaernachrichten.de\/index.php?rest_route=\/wp\/v2\/posts\/141234\/revisions\/141235"}],"wp:attachment":[{"href":"https:\/\/www.fuldaernachrichten.de\/index.php?rest_route=%2Fwp%2Fv2%2Fmedia&parent=141234"}],"wp:term":[{"taxonomy":"category","embeddable":true,"href":"https:\/\/www.fuldaernachrichten.de\/index.php?rest_route=%2Fwp%2Fv2%2Fcategories&post=141234"},{"taxonomy":"post_tag","embeddable":true,"href":"https:\/\/www.fuldaernachrichten.de\/index.php?rest_route=%2Fwp%2Fv2%2Ftags&post=141234"}],"curies":[{"name":"wp","href":"https:\/\/api.w.org\/{rel}","templated":true}]}}