{"id":141227,"date":"2015-07-21T17:53:31","date_gmt":"2015-07-21T15:53:31","guid":{"rendered":"http:\/\/www.fuldaer-nachrichten.de\/?p=141227"},"modified":"2015-07-21T17:53:31","modified_gmt":"2015-07-21T15:53:31","slug":"werbung-fuer-den-beruf-der-fleischereifachverkaeuferin-eine-besondere-seite-der-eduard-stieler-schule","status":"publish","type":"post","link":"https:\/\/www.fuldaernachrichten.de\/?p=141227","title":{"rendered":"Werbung f\u00fcr den Beruf der Fleischereifachverk\u00e4uferin &#8211; Eine besondere Seite der Eduard-Stieler-Schule"},"content":{"rendered":"<p>Die Auszubildenden f\u00fcr den Beruf der Fleischereifachverk\u00e4uferin des zweiten und dritten Ausbildungsjahres m\u00f6chten mit der Facebook \u2013Seite \u201eMeat&amp;Greet\u201c ihren facettenreichen Beruf vorstellen. Anders als oft vermutet sind hier der Kontakt zu Menschen, aber auch Teamarbeit, Kreativit\u00e4t, Innovation, Ern\u00e4hrungstrends und die Einhaltung von Hygienevorschriften wichtig. Weniger bekannt sein d\u00fcrfte es, dass sich auch zunehmend junge M\u00e4nner f\u00fcr den Beruf interessieren.<\/p>\n<p>Die Facebook-Seite zeigt Bilder von aktuellen Produkten und Arbeiten aus der Eduard-Stieler-Schule. Im Rahmen der stetig wachsenden Herausforderungen des Berufs wurde ein Logo entworfen und mit einheitlichen T-Shirts wird auf den Beruf aufmerksam gemacht. Auch geh\u00f6rt die Teilnahme an Wettbewerben dazu, wie z.B. der Gilde-Wettbewerb oder Snackstar von Hohmann.<\/p>\n<p>Unterst\u00fctzung erhalten die weiblichen und m\u00e4nnlichen Azubis von ihren regionalen Ausbildungsbetrieben sowie ihren Lehrern Ronald Gustke und Fleischermeisterin Corina Steiger. Auch die zust\u00e4ndige Abteilungsleiterin Margit Goldstein und die Koordinatorin Claudia Ludwig-Schulte sind stolz auf ihre Sch\u00fclerinnen und Sch\u00fcler.<\/p>\n","protected":false},"excerpt":{"rendered":"<div class=\"tmnf_excerpt\"><p>Die Auszubildenden f\u00fcr den Beruf der Fleischereifachverk\u00e4uferin des zweiten und dritten Ausbildungsjahres m\u00f6chten mit der Facebook \u2013Seite \u201eMeat&amp;Greet\u201c ihren facettenreichen Beruf vorstellen. Anders als oft vermutet sind hier der Kontakt zu Menschen, aber auch Teamarbeit, Kreativit\u00e4t, Innovation, Ern\u00e4hrungstrends und die Einhaltung von Hygienevorschriften wichtig. Weniger bekannt sein d\u00fcrfte es, dass sich auch zunehmend junge M\u00e4nner &hellip;<\/p>\n<\/div>","protected":false},"author":1,"featured_media":141229,"comment_status":"closed","ping_status":"closed","sticky":false,"template":"","format":"standard","meta":{"footnotes":""},"categories":[53],"tags":[],"class_list":["post-141227","post","type-post","status-publish","format-standard","has-post-thumbnail","hentry","category-bildung"],"_links":{"self":[{"href":"https:\/\/www.fuldaernachrichten.de\/index.php?rest_route=\/wp\/v2\/posts\/141227","targetHints":{"allow":["GET"]}}],"collection":[{"href":"https:\/\/www.fuldaernachrichten.de\/index.php?rest_route=\/wp\/v2\/posts"}],"about":[{"href":"https:\/\/www.fuldaernachrichten.de\/index.php?rest_route=\/wp\/v2\/types\/post"}],"author":[{"embeddable":true,"href":"https:\/\/www.fuldaernachrichten.de\/index.php?rest_route=\/wp\/v2\/users\/1"}],"replies":[{"embeddable":true,"href":"https:\/\/www.fuldaernachrichten.de\/index.php?rest_route=%2Fwp%2Fv2%2Fcomments&post=141227"}],"version-history":[{"count":1,"href":"https:\/\/www.fuldaernachrichten.de\/index.php?rest_route=\/wp\/v2\/posts\/141227\/revisions"}],"predecessor-version":[{"id":141230,"href":"https:\/\/www.fuldaernachrichten.de\/index.php?rest_route=\/wp\/v2\/posts\/141227\/revisions\/141230"}],"wp:featuredmedia":[{"embeddable":true,"href":"https:\/\/www.fuldaernachrichten.de\/index.php?rest_route=\/wp\/v2\/media\/141229"}],"wp:attachment":[{"href":"https:\/\/www.fuldaernachrichten.de\/index.php?rest_route=%2Fwp%2Fv2%2Fmedia&parent=141227"}],"wp:term":[{"taxonomy":"category","embeddable":true,"href":"https:\/\/www.fuldaernachrichten.de\/index.php?rest_route=%2Fwp%2Fv2%2Fcategories&post=141227"},{"taxonomy":"post_tag","embeddable":true,"href":"https:\/\/www.fuldaernachrichten.de\/index.php?rest_route=%2Fwp%2Fv2%2Ftags&post=141227"}],"curies":[{"name":"wp","href":"https:\/\/api.w.org\/{rel}","templated":true}]}}