{"id":141175,"date":"2015-07-20T08:50:55","date_gmt":"2015-07-20T06:50:55","guid":{"rendered":"http:\/\/www.fuldaer-nachrichten.de\/?p=141175"},"modified":"2015-07-20T08:50:55","modified_gmt":"2015-07-20T06:50:55","slug":"113-tanner-orgelmatinee-zeitreise","status":"publish","type":"post","link":"https:\/\/www.fuldaernachrichten.de\/?p=141175","title":{"rendered":"113. Tanner Orgelmatinee: \u201eZeitreise\u201c"},"content":{"rendered":"<p>An den Sonntagen der Ferienmonate Juli und August finden jeweils um 11:00 Uhr \u2013 im Anschluss an den Gottesdienst \u2013 30min\u00fctige Matineen in der Tanner Stadtkirche statt, in deren Mittelpunkt die Orgel steht: Organisten und Instrumentalisten stellen in unterschiedlichster Besetzung die Vielfalt der Orgelmusik durch die Jahrhunderte vor.<\/p>\n<p>Erik Reinhardt (Gr\u00fcsselbach\/Mainz) entlockt bei seiner Matinee \u201eZeitreise\u201c am Sonntag, 26. Juli 2015, der Tanner Orgel Klangerlebnisse aus alter und neuer Zeit, darunter Werke von Dietrich Buxtehude (1637-1707), Johann Sebastian Bach (1685-1750), C\u00e9sar Franck (1822-1890) sowie eigene Improvisationen.<\/p>\n<p>Erik Reinhardt studiert Kirchenmusik in Mainz.<\/p>\n<p>Der Eintritt ist frei, eine Kollekte am Ausgang kommt der Erhaltung der Stadtkirchenorgel zugute! Die Orgelmatineen werden durch die VR-Bank NordRh\u00f6n eG gef\u00f6rdert.<\/p>\n<p><strong>Die weiteren Orgelmatineen 2015:<\/strong><\/p>\n<ul>\n<li>2. August \u00e2\u20ac\u00a2 Jugend musiziert \u00e2\u20ac\u00a2 Der Bundes-Preistr\u00e4ger Anton L\u00f6bens (H\u00fcnfeld) bringt die Tanner Orgel zum Klingen<\/li>\n<li>9. August \u00e2\u20ac\u00a2 Himmelskl\u00e4nge \u00e2\u20ac\u00a2 Anna Ziert (Orgel) und David Fl\u00fcgel (Harfe) entf\u00fchren in himmlische Sph\u00e4ren<\/li>\n<li>16. August \u00e2\u20ac\u00a2 Mit Menschen- und mit Engelszungen \u00e2\u20ac\u00a2 Eine musikalische Himmelsreise mit Thomas N\u00fcdling (Orgel) und irdische Anmerkungen von Uwe-Bernd Herchen<\/li>\n<li>23. August \u00e2\u20ac\u00a2 Typisch Deutsch \u00e2\u20ac\u00a2 Carla Braun (Orgel) und Stella Degenhardt (Oboe) spielen Werke von Bruhns, Telemann und Reger<\/li>\n<\/ul>\n","protected":false},"excerpt":{"rendered":"<div class=\"tmnf_excerpt\"><p>An den Sonntagen der Ferienmonate Juli und August finden jeweils um 11:00 Uhr \u2013 im Anschluss an den Gottesdienst \u2013 30min\u00fctige Matineen in der Tanner Stadtkirche statt, in deren Mittelpunkt die Orgel steht: Organisten und Instrumentalisten stellen in unterschiedlichster Besetzung die Vielfalt der Orgelmusik durch die Jahrhunderte vor. Erik Reinhardt (Gr\u00fcsselbach\/Mainz) entlockt bei seiner Matinee &hellip;<\/p>\n<\/div>","protected":false},"author":1,"featured_media":0,"comment_status":"closed","ping_status":"closed","sticky":false,"template":"","format":"standard","meta":{"footnotes":""},"categories":[1,50,44],"tags":[],"class_list":["post-141175","post","type-post","status-publish","format-standard","hentry","category-startseite","category-kirche","category-kultur"],"_links":{"self":[{"href":"https:\/\/www.fuldaernachrichten.de\/index.php?rest_route=\/wp\/v2\/posts\/141175","targetHints":{"allow":["GET"]}}],"collection":[{"href":"https:\/\/www.fuldaernachrichten.de\/index.php?rest_route=\/wp\/v2\/posts"}],"about":[{"href":"https:\/\/www.fuldaernachrichten.de\/index.php?rest_route=\/wp\/v2\/types\/post"}],"author":[{"embeddable":true,"href":"https:\/\/www.fuldaernachrichten.de\/index.php?rest_route=\/wp\/v2\/users\/1"}],"replies":[{"embeddable":true,"href":"https:\/\/www.fuldaernachrichten.de\/index.php?rest_route=%2Fwp%2Fv2%2Fcomments&post=141175"}],"version-history":[{"count":1,"href":"https:\/\/www.fuldaernachrichten.de\/index.php?rest_route=\/wp\/v2\/posts\/141175\/revisions"}],"predecessor-version":[{"id":141176,"href":"https:\/\/www.fuldaernachrichten.de\/index.php?rest_route=\/wp\/v2\/posts\/141175\/revisions\/141176"}],"wp:attachment":[{"href":"https:\/\/www.fuldaernachrichten.de\/index.php?rest_route=%2Fwp%2Fv2%2Fmedia&parent=141175"}],"wp:term":[{"taxonomy":"category","embeddable":true,"href":"https:\/\/www.fuldaernachrichten.de\/index.php?rest_route=%2Fwp%2Fv2%2Fcategories&post=141175"},{"taxonomy":"post_tag","embeddable":true,"href":"https:\/\/www.fuldaernachrichten.de\/index.php?rest_route=%2Fwp%2Fv2%2Ftags&post=141175"}],"curies":[{"name":"wp","href":"https:\/\/api.w.org\/{rel}","templated":true}]}}