{"id":141169,"date":"2015-07-20T08:50:05","date_gmt":"2015-07-20T06:50:05","guid":{"rendered":"http:\/\/www.fuldaer-nachrichten.de\/?p=141169"},"modified":"2015-07-20T08:50:05","modified_gmt":"2015-07-20T06:50:05","slug":"kanu-tag-der-offenen-bootshaustuer-in-fulda-ueber-400-begeisterte-gaeste","status":"publish","type":"post","link":"https:\/\/www.fuldaernachrichten.de\/?p=141169","title":{"rendered":"Kanu: Tag der offenen Bootshaust\u00fcr in Fulda &#8211; \u00dcber 400 begeisterte G\u00e4ste"},"content":{"rendered":"<p><a href=\"http:\/\/www.fuldaer-nachrichten.de\/wp-content\/uploads\/2015\/07\/IMG_5279.jpg\"><img decoding=\"async\" class=\"alignleft size-thumbnail wp-image-141171\" src=\"http:\/\/www.fuldaer-nachrichten.de\/wp-content\/uploads\/2015\/07\/IMG_5279-265x177.jpg\" alt=\"IMG_5279\" width=\"265\" height=\"177\" srcset=\"https:\/\/www.fuldaernachrichten.de\/wp-content\/uploads\/2015\/07\/IMG_5279-265x177.jpg 265w, https:\/\/www.fuldaernachrichten.de\/wp-content\/uploads\/2015\/07\/IMG_5279-600x400.jpg 600w, https:\/\/www.fuldaernachrichten.de\/wp-content\/uploads\/2015\/07\/IMG_5279.jpg 900w\" sizes=\"(max-width: 265px) 100vw, 265px\" \/><\/a>Seit vielen Jahren z\u00e4hlt der Tag der offenen Bootshaust\u00fcr des Kanu-Club-Fulda zu den &#8220;Vorzeigeveranstaltungen&#8221; der osthessischen Kanu-Familie. In diesem waren der Vizepr\u00e4sident Jugend des Hessischen Kanu-Verbandes, Dirk Laun aus Hofheim und der Vorsitzende der Sportjugend im Sportkreis Fulda-H\u00fcnfeld, Michael Werthm\u00fcller, mit ihren Familien zu Gast im Haus des Kanu-Club-Fulda, um sich pers\u00f6nlich von den Leistungen des KCF zu \u00fcberzeugen.<\/p>\n<p>Die Organisatoren hatten einmal mehr alle Hebel in Bewegung gesetzt und ein ansprechendes Programm unter dem Motto &#8220;Patschnass, aber Spa\u00df&#8221; zusammen gestellt. Das Highlight schlechthin war das Karton-Boot-Rennen, unterst\u00fctzt durch die Firma DS Smith Packaging, die auch mit vielen Auszubildenden vertreten war. Aber auch die SUP (Stand-Up-Paddelbords) vom SUP-Team Fulda-K\u00e4mmerzell kamen bestens an. Das Probepaddeln f\u00fcr alle Alterklassen und der Sprung von der legend\u00e4ren Kanu-Rutsche rundeten das Angebot ab.<\/p>\n<p>Klar, dass der ein oder andere Funke \u00fcberspringt und das Interesse nach den KCF-Angeboten gro\u00df ist. Im September werden daher noch ein Anf\u00e4nger-Schnupper-Kurs f\u00fcr Sch\u00fcler und Jugendliche (30,- \u00e2\u201a\u00ac f\u00fcr 12 UE) und ein Anf\u00e4nger-Kurs f\u00fcr Erwachsene (60,- \u00e2\u201a\u00ac f\u00fcr 12 UE) angeboten; Termin ist der 12.\/13.09.2015. Weitere Infos gibt es unter www.kanu-club-fulda.de oder gern per Mailanfrage an KCF@kanu-club-fulda.de.<\/p>\n<p><a href=\"http:\/\/www.fuldaer-nachrichten.de\/wp-content\/uploads\/2015\/07\/IMG_5197.jpg\"><img decoding=\"async\" class=\"alignnone size-thumbnail wp-image-141172\" src=\"http:\/\/www.fuldaer-nachrichten.de\/wp-content\/uploads\/2015\/07\/IMG_5197-265x177.jpg\" alt=\"IMG_5197\" width=\"265\" height=\"177\" srcset=\"https:\/\/www.fuldaernachrichten.de\/wp-content\/uploads\/2015\/07\/IMG_5197-265x177.jpg 265w, https:\/\/www.fuldaernachrichten.de\/wp-content\/uploads\/2015\/07\/IMG_5197-600x400.jpg 600w, https:\/\/www.fuldaernachrichten.de\/wp-content\/uploads\/2015\/07\/IMG_5197.jpg 900w\" sizes=\"(max-width: 265px) 100vw, 265px\" \/><\/a> <a href=\"http:\/\/www.fuldaer-nachrichten.de\/wp-content\/uploads\/2015\/07\/IMG_5425.jpg\"><img decoding=\"async\" class=\"alignnone size-thumbnail wp-image-141173\" src=\"http:\/\/www.fuldaer-nachrichten.de\/wp-content\/uploads\/2015\/07\/IMG_5425-265x177.jpg\" alt=\"IMG_5425\" width=\"265\" height=\"177\" srcset=\"https:\/\/www.fuldaernachrichten.de\/wp-content\/uploads\/2015\/07\/IMG_5425-265x177.jpg 265w, https:\/\/www.fuldaernachrichten.de\/wp-content\/uploads\/2015\/07\/IMG_5425-600x400.jpg 600w, https:\/\/www.fuldaernachrichten.de\/wp-content\/uploads\/2015\/07\/IMG_5425.jpg 900w\" sizes=\"(max-width: 265px) 100vw, 265px\" \/><\/a><\/p>\n","protected":false},"excerpt":{"rendered":"<div class=\"tmnf_excerpt\"><p>Seit vielen Jahren z\u00e4hlt der Tag der offenen Bootshaust\u00fcr des Kanu-Club-Fulda zu den &#8220;Vorzeigeveranstaltungen&#8221; der osthessischen Kanu-Familie. In diesem waren der Vizepr\u00e4sident Jugend des Hessischen Kanu-Verbandes, Dirk Laun aus Hofheim und der Vorsitzende der Sportjugend im Sportkreis Fulda-H\u00fcnfeld, Michael Werthm\u00fcller, mit ihren Familien zu Gast im Haus des Kanu-Club-Fulda, um sich pers\u00f6nlich von den Leistungen &hellip;<\/p>\n<\/div>","protected":false},"author":1,"featured_media":141170,"comment_status":"closed","ping_status":"closed","sticky":false,"template":"","format":"standard","meta":{"footnotes":""},"categories":[1,72,46],"tags":[],"class_list":["post-141169","post","type-post","status-publish","format-standard","has-post-thumbnail","hentry","category-startseite","category-jugend","category-sport"],"_links":{"self":[{"href":"https:\/\/www.fuldaernachrichten.de\/index.php?rest_route=\/wp\/v2\/posts\/141169","targetHints":{"allow":["GET"]}}],"collection":[{"href":"https:\/\/www.fuldaernachrichten.de\/index.php?rest_route=\/wp\/v2\/posts"}],"about":[{"href":"https:\/\/www.fuldaernachrichten.de\/index.php?rest_route=\/wp\/v2\/types\/post"}],"author":[{"embeddable":true,"href":"https:\/\/www.fuldaernachrichten.de\/index.php?rest_route=\/wp\/v2\/users\/1"}],"replies":[{"embeddable":true,"href":"https:\/\/www.fuldaernachrichten.de\/index.php?rest_route=%2Fwp%2Fv2%2Fcomments&post=141169"}],"version-history":[{"count":1,"href":"https:\/\/www.fuldaernachrichten.de\/index.php?rest_route=\/wp\/v2\/posts\/141169\/revisions"}],"predecessor-version":[{"id":141174,"href":"https:\/\/www.fuldaernachrichten.de\/index.php?rest_route=\/wp\/v2\/posts\/141169\/revisions\/141174"}],"wp:featuredmedia":[{"embeddable":true,"href":"https:\/\/www.fuldaernachrichten.de\/index.php?rest_route=\/wp\/v2\/media\/141170"}],"wp:attachment":[{"href":"https:\/\/www.fuldaernachrichten.de\/index.php?rest_route=%2Fwp%2Fv2%2Fmedia&parent=141169"}],"wp:term":[{"taxonomy":"category","embeddable":true,"href":"https:\/\/www.fuldaernachrichten.de\/index.php?rest_route=%2Fwp%2Fv2%2Fcategories&post=141169"},{"taxonomy":"post_tag","embeddable":true,"href":"https:\/\/www.fuldaernachrichten.de\/index.php?rest_route=%2Fwp%2Fv2%2Ftags&post=141169"}],"curies":[{"name":"wp","href":"https:\/\/api.w.org\/{rel}","templated":true}]}}