{"id":141135,"date":"2015-07-18T09:45:32","date_gmt":"2015-07-18T07:45:32","guid":{"rendered":"http:\/\/www.fuldaer-nachrichten.de\/?p=141135"},"modified":"2015-07-18T09:45:32","modified_gmt":"2015-07-18T07:45:32","slug":"neues-modellprojekt-unterstuetzt-kitas-und-kommunen-bei-der-inklusion","status":"publish","type":"post","link":"https:\/\/www.fuldaernachrichten.de\/?p=141135","title":{"rendered":"Neues Modellprojekt unterst\u00fctzt Kitas und Kommunen bei der Inklusion"},"content":{"rendered":"<p>Mit dem Ziel, Kindertageseinrichtungen und Kommunen bei der Entwicklung eines inklusiven Handlungskonzeptes f\u00fcr den Bereich der fr\u00fchkindlichen Bildung zu unterst\u00fctzen, hat das Hessische Ministerium f\u00fcr Soziales und Integration gemeinsam mit der Deutschen Kinder-und Jugendstiftung (DKJS) das Modellprojekt \u201eInklusion in der Fr\u00fchkindlichen Bildung, Betreuung und Erziehung in Hessen \u2013 Kita \u00f6ffnet sich in den Sozialraum\u201c ausgeschrieben. \u201eAngesichts der gro\u00dfen Vielfalt in den Kindertageseinrichtungen stehen diese oft vor der gro\u00dfen Herausforderung, sicherzustellen, dass tats\u00e4chlich alle Kinder Zugang zu qualitativ hochwertiger Bildung erhalten und ihre individuellen Potenziale entfalten k\u00f6nnen\u201c, erkl\u00e4rte der Hessische Familienminister Stefan Gr\u00fcttner. \u201eUm dies sicherzustellen\u201c, so der Minister weiter, \u201ebedarf es eines ganzheitlichen Ansatzes und einer inklusiven P\u00e4dagogik. Daf\u00fcr brauchen die Kindertageseinrichtungen Unterst\u00fctzung und viele Partner. Inklusion ist ein gesamtgesellschaftlicher Auftrag\u201c, betonte Gr\u00fcttner. Das Modellprojekt kn\u00fcpft daher auch an bereits bestehende Initiativen, Netzwerke und begonnene Prozesse an, die die Entwicklung einer inklusiven P\u00e4dagogik vor Ort im Fokus haben. gerecht<\/p>\n<p>Der Schwerpunkt des Projektes liegt auf der inklusiven Bildung in der Kindertagesst\u00e4tte und der zeitlich befristeten Begleitung von regionalen Netzwerken. Hierbei wird ein erweiterter Inklusionsbegriff zugrunde gelegt, der die Wertsch\u00e4tzung der Verschiedenheit von M\u00e4dchen und Jungen, von Kindern mit unterschiedlichen Bef\u00e4higungen und Behinderungen sowie unterschiedlicher kultureller und sozialer Herkunft in den Mittelpunkt stellt.<br \/>\nDie Deutsche Kinder- und Jugendstiftung ist f\u00fcr die Umsetzung dieses Vorhabens verantwortlich. \u201eFaire Bildungschancen f\u00fcr alle Kinder zu erreichen ist uns ein zentrales Anliegen. In unseren Programmen nehmen wir die Vielfalt der Kinder und ihrer Familien in den Blick. Die Zusammenarbeit im Netzwerk ist im Projekt Inklusion in der Fr\u00fchkindlichen Bildung, Betreuung und Erziehung in Hessen f\u00fcr Kindertagesst\u00e4tten von zentraler Bedeutung\u201c, sagt Julia Schneider, Leiterin der Regionalstelle Rheinland-Pfalz der Deutschen Kinder- und Jugendstiftung.<\/p>\n<p>Die DKJS wird ab September 2015 zwei Jahre lang an zehn Standorten in Hessen Kindertageeinrichtungen (tr\u00e4ger- und orts\u00fcbergreifend), gemeinsam mit ihren (entstehenden) kommunalen Netzwerken (z.B. Jugendamt, Fachberatung, Fr\u00fchf\u00f6rderstellen, heilp\u00e4dagogische Fachberatung, Tr\u00e4ger- und Kommunalvertreter, Grundschulen, F\u00f6rderschulen, Kindertagespflegepersonen, Eltern) dabei unterst\u00fctzen, Ideen, Konzepte und Strategien inklusiver P\u00e4dagogik zu entwickeln und den Prozess begleiten. Das Land stellt sicher, dass sich die Kitas mit ihrem Netzwerk zu relevanten Themen der inklusiven P\u00e4dagogik (z.B. sprachliche Bildung und F\u00f6rderung, Umgang mit Diversit\u00e4t und Vielfalt; individualisiertes Lernen) qualifizieren und ihre p\u00e4dagogische Arbeit sowie ihre Haltung reflektieren. Besonderes Augenmerk liegt dabei auf der \u00d6ffnung der beteiligten Kitas in den Sozialraum.<\/p>\n<p>Interessierte Kitas und ihre Netzwerke k\u00f6nnen sich bis 18. September 2015 bei der DKJS bewerben. Ein Bewerbungsformular kann per Mail bei Frau Malayil bei der DKJS angefordert werden (melz.malayil@dkjs.de).<\/p>\n<p>Kontakt:<br \/>\nDeutsche Kinder- und Jugendstiftung<br \/>\nRegionalstelle Rheinland-Pfalz<br \/>\nJulia Schneider<br \/>\nRegionalstellenleitung<br \/>\nPaulinstrasse 61<br \/>\n54292 Trier<br \/>\nTel.: (0651) 145 33 68 \u2013 52<br \/>\nFax: (0651) 145 33 68 \u2013 21<br \/>\nE-Mail: julia.schneider@dkjs.de<\/p>\n","protected":false},"excerpt":{"rendered":"<div class=\"tmnf_excerpt\"><p>Mit dem Ziel, Kindertageseinrichtungen und Kommunen bei der Entwicklung eines inklusiven Handlungskonzeptes f\u00fcr den Bereich der fr\u00fchkindlichen Bildung zu unterst\u00fctzen, hat das Hessische Ministerium f\u00fcr Soziales und Integration gemeinsam mit der Deutschen Kinder-und Jugendstiftung (DKJS) das Modellprojekt \u201eInklusion in der Fr\u00fchkindlichen Bildung, Betreuung und Erziehung in Hessen \u2013 Kita \u00f6ffnet sich in den Sozialraum\u201c ausgeschrieben. &hellip;<\/p>\n<\/div>","protected":false},"author":1,"featured_media":0,"comment_status":"closed","ping_status":"closed","sticky":false,"template":"","format":"standard","meta":{"footnotes":""},"categories":[72],"tags":[],"class_list":["post-141135","post","type-post","status-publish","format-standard","hentry","category-jugend"],"_links":{"self":[{"href":"https:\/\/www.fuldaernachrichten.de\/index.php?rest_route=\/wp\/v2\/posts\/141135","targetHints":{"allow":["GET"]}}],"collection":[{"href":"https:\/\/www.fuldaernachrichten.de\/index.php?rest_route=\/wp\/v2\/posts"}],"about":[{"href":"https:\/\/www.fuldaernachrichten.de\/index.php?rest_route=\/wp\/v2\/types\/post"}],"author":[{"embeddable":true,"href":"https:\/\/www.fuldaernachrichten.de\/index.php?rest_route=\/wp\/v2\/users\/1"}],"replies":[{"embeddable":true,"href":"https:\/\/www.fuldaernachrichten.de\/index.php?rest_route=%2Fwp%2Fv2%2Fcomments&post=141135"}],"version-history":[{"count":1,"href":"https:\/\/www.fuldaernachrichten.de\/index.php?rest_route=\/wp\/v2\/posts\/141135\/revisions"}],"predecessor-version":[{"id":141137,"href":"https:\/\/www.fuldaernachrichten.de\/index.php?rest_route=\/wp\/v2\/posts\/141135\/revisions\/141137"}],"wp:attachment":[{"href":"https:\/\/www.fuldaernachrichten.de\/index.php?rest_route=%2Fwp%2Fv2%2Fmedia&parent=141135"}],"wp:term":[{"taxonomy":"category","embeddable":true,"href":"https:\/\/www.fuldaernachrichten.de\/index.php?rest_route=%2Fwp%2Fv2%2Fcategories&post=141135"},{"taxonomy":"post_tag","embeddable":true,"href":"https:\/\/www.fuldaernachrichten.de\/index.php?rest_route=%2Fwp%2Fv2%2Ftags&post=141135"}],"curies":[{"name":"wp","href":"https:\/\/api.w.org\/{rel}","templated":true}]}}