{"id":141076,"date":"2015-07-16T11:23:54","date_gmt":"2015-07-16T09:23:54","guid":{"rendered":"http:\/\/www.fuldaer-nachrichten.de\/?p=141076"},"modified":"2015-07-16T11:23:54","modified_gmt":"2015-07-16T09:23:54","slug":"im-herbstsemester-verstaerkt-die-vogelsberger-volkshochschule-ihre-angebote-zur-politischen-bildung","status":"publish","type":"post","link":"https:\/\/www.fuldaernachrichten.de\/?p=141076","title":{"rendered":"Im Herbstsemester verst\u00e4rkt die Vogelsberger Volkshochschule ihre Angebote zur politischen Bildung"},"content":{"rendered":"<p>Erster Kreisbeigeordneter Peter Zielinski beschreibt politische Bildung als \u201ezunehmend unverzichtbar in der wachsenden Un\u00fcbersichtlichkeit gerade durch soziale Medien\u201c. Daher wird die Vogelsberger Volkshochschule ihre Angebote im Sektor \u201ePolitische Bildung\u201c ab dem Herbstsemester 2015 deutlich verst\u00e4rken. Der Bildungsdezernent hebt in einer Pressemitteilung den \u00f6ffentlichen Bildungsauftrag hervor: \u201ePolitisch gut informiert zu sein, das st\u00e4rkt die Demokratie und ihre Institutionen.\u201c Die fundierte Meinungsbildung werde in der Vielfalt der politischen Debatte und im Diskurs angeregt. Daher seien die vhs-Angebote bewusst \u201emit klaren Akzenten\u201c ausgestattet, \u201edamit es auch etwas zu diskutieren gibt.\u201c Er begr\u00fc\u00dft die erfolgreichen Bem\u00fchungen der vhs-Leitung, die Angebotspalette mit Hilfe von Partnern erheblich zu erweitern. Ein Dutzend neuer Angebote finden sich im Programmheft f\u00fcrs Herbstsemester.<\/p>\n<p>\u201eEs ist gut, auf den reichen Erfahrungsschatz der Arbeit von politischen Stiftungen zur\u00fcckzugreifen\u201c, betont vhs-Fachbereichsleiterin Kirsten Wegwerth in der Pressemitteilung der Kreisverwaltung. Daher hat die Volkshochschule mit allen parteinahen Stiftungen in Deutschland &#8211; Konrad-Adenauer-Stiftung, Friedrich-Ebert-Stiftung, Heinrich-B\u00f6ll-Stiftung, Rosa-Luxemburg-Stiftung und Friedrich-Naumann-Stiftung &#8211; intensive Gespr\u00e4che gef\u00fchrt und nach Kooperationsm\u00f6glichkeiten Ausschau gehalten. Die vhs freut sich, dass bereits zu diesem Herbstsemester erste Kooperationen vereinbart werden konnten. Besonderen Wert legt die vhs dabei auf eine sachliche und verst\u00e4ndliche Themenaufbereitung sowie auf eine offene Diskussion, ohne parteipolitische, religi\u00f6se und weltanschauliche Vorbehalte. \u201eDabei sind kontroverse Diskussionen durchaus erw\u00fcnscht, erm\u00f6glichen sie doch die Gewinnung eines selbstst\u00e4ndigen Urteils und einer individuellen politischen Haltung.\u201c, unterstreicht Wegwerth.<\/p>\n<p>Ein Teil des neuen Angebotes findet in Kooperation mit der Friedrich-Ebert-Stiftung und dem Rosa-Luxemburg-Club statt. So wird in Zusammenarbeit mit der Friedrich-Ebert-Stiftung der Film \u201eWillkommen auf Deutsch\u201c im Kinocenter Alsfeld vorgef\u00fchrt. Der Dokumentarfilm zeigt die Herausforderungen, die durch die wachsenden Fl\u00fcchtlingszahlen entstehen und setzt bei den einzelnen Menschen, ihren Sorgen und Vorurteilen in der b\u00fcrgerlichen Mitte Westdeutschlands an. In der sich anschlie\u00dfenden Diskussion werden Landrat G\u00f6rig, Vertreter von Pro Asyl und die Migrationsberaterin der Caritas die Situation im Vogelsbergkreis beleuchten. In Kooperation mit dem Rosa-Luxemburg-Club wird der in Berlin lebende Journalist Hans-Martin Tillack aus seinem Buch \u201eDie Lobby-Republik\u201c referieren und durch neuere Recherchen angereichert mit den Teilnehmenden diskutieren. Tillack ist ein bekannter Autor des \u201eStern\u201c und unterh\u00e4lt dort auch einen eigenen politischen Blog.<\/p>\n<p>Auch im Herbstsemester wird es wieder zwei Webinarreihen geben, die erstmalig das B\u00fcndnis f\u00fcr Familie finanziell unterst\u00fctzt. Webinare zeichnen sich dadurch aus, dass die Referenten ihren Vortrag nicht vor Ort halten, sondern viele Menschen k\u00f6nnen zeitgleich an vielen Veranstaltungsorten in Deutschland virtuell \u00fcber Videotechnik in den Vortragsr\u00e4umen der Volkshochschulen zuh\u00f6ren. In der Webinarreihe \u201eDer Mensch und die Gesellschaft\u201c wird das Thema \u201eFremdheit\u201c thematisiert, was mit Hinblick auf die zunehmenden Fl\u00fcchtlingsstr\u00f6me \u00fcberall im Land an Aktualit\u00e4t kaum zu \u00fcberbieten ist. In der Reihe werden zum Beispiel die Auswirkungen von Migration auf den Arbeitsmarkt und den Sozialstaat beleuchtet oder die deutsche und europ\u00e4ische Fl\u00fcchtlingspolitik analysiert.<\/p>\n<p>Die Webinarreihe \u201eDie digitale Gesellschaft\u201c r\u00fcckt das Thema Smartphone, das vernetzte Zuhause und Industrie 4.0 in den Mittelpunkt dreier Vortr\u00e4ge. Was technisch m\u00f6glich ist, was aus Datenschutzsicht n\u00f6tig ist und ob es das Leben bequemer macht, soll die Vortragsreihe n\u00e4her beleuchten. Im Anschluss an den Vortrag erhalten die Zuh\u00f6rer die M\u00f6glichkeit Fragen an die Referenten zu stellen und miteinander zu diskutieren.<\/p>\n<p>N\u00e4here Informationen zu den einzelnen Veranstaltungen und Anmeldem\u00f6glichkeiten gibt es auf der Website der Vogelsberger Volkshochschule www.vhs-vogelsberg.de, im Programmheft, das ab Ende Juli\/Anfang August 2015 an allen bekannten Verteilungsorten im Vogelsbergkreis erh\u00e4ltlich sein wird, oder in der Gesch\u00e4ftsstelle der Volkshochschule, F\u00e4rbergasse 2, 36304 Alsfeld, Telefon 06631\/792-7780.<\/p>\n","protected":false},"excerpt":{"rendered":"<div class=\"tmnf_excerpt\"><p>Erster Kreisbeigeordneter Peter Zielinski beschreibt politische Bildung als \u201ezunehmend unverzichtbar in der wachsenden Un\u00fcbersichtlichkeit gerade durch soziale Medien\u201c. Daher wird die Vogelsberger Volkshochschule ihre Angebote im Sektor \u201ePolitische Bildung\u201c ab dem Herbstsemester 2015 deutlich verst\u00e4rken. Der Bildungsdezernent hebt in einer Pressemitteilung den \u00f6ffentlichen Bildungsauftrag hervor: \u201ePolitisch gut informiert zu sein, das st\u00e4rkt die Demokratie und &hellip;<\/p>\n<\/div>","protected":false},"author":1,"featured_media":0,"comment_status":"closed","ping_status":"closed","sticky":false,"template":"","format":"standard","meta":{"footnotes":""},"categories":[1,53],"tags":[],"class_list":["post-141076","post","type-post","status-publish","format-standard","hentry","category-startseite","category-bildung"],"_links":{"self":[{"href":"https:\/\/www.fuldaernachrichten.de\/index.php?rest_route=\/wp\/v2\/posts\/141076","targetHints":{"allow":["GET"]}}],"collection":[{"href":"https:\/\/www.fuldaernachrichten.de\/index.php?rest_route=\/wp\/v2\/posts"}],"about":[{"href":"https:\/\/www.fuldaernachrichten.de\/index.php?rest_route=\/wp\/v2\/types\/post"}],"author":[{"embeddable":true,"href":"https:\/\/www.fuldaernachrichten.de\/index.php?rest_route=\/wp\/v2\/users\/1"}],"replies":[{"embeddable":true,"href":"https:\/\/www.fuldaernachrichten.de\/index.php?rest_route=%2Fwp%2Fv2%2Fcomments&post=141076"}],"version-history":[{"count":1,"href":"https:\/\/www.fuldaernachrichten.de\/index.php?rest_route=\/wp\/v2\/posts\/141076\/revisions"}],"predecessor-version":[{"id":141078,"href":"https:\/\/www.fuldaernachrichten.de\/index.php?rest_route=\/wp\/v2\/posts\/141076\/revisions\/141078"}],"wp:attachment":[{"href":"https:\/\/www.fuldaernachrichten.de\/index.php?rest_route=%2Fwp%2Fv2%2Fmedia&parent=141076"}],"wp:term":[{"taxonomy":"category","embeddable":true,"href":"https:\/\/www.fuldaernachrichten.de\/index.php?rest_route=%2Fwp%2Fv2%2Fcategories&post=141076"},{"taxonomy":"post_tag","embeddable":true,"href":"https:\/\/www.fuldaernachrichten.de\/index.php?rest_route=%2Fwp%2Fv2%2Ftags&post=141076"}],"curies":[{"name":"wp","href":"https:\/\/api.w.org\/{rel}","templated":true}]}}