{"id":141074,"date":"2015-07-16T08:36:39","date_gmt":"2015-07-16T06:36:39","guid":{"rendered":"http:\/\/www.fuldaer-nachrichten.de\/?p=141074"},"modified":"2015-07-16T08:36:39","modified_gmt":"2015-07-16T06:36:39","slug":"hr2-kinderfunkkolleg-mathematik-on-tour-in-fulda","status":"publish","type":"post","link":"https:\/\/www.fuldaernachrichten.de\/?p=141074","title":{"rendered":"\u201ehr2-Kinderfunkkolleg Mathematik on Tour\u201c in Fulda"},"content":{"rendered":"<p>F\u00fcnf \u00c4pfel sind mehr als drei, f\u00fcr ein M\u00fcsli reicht ein halber, f\u00fcr einen Kuchen braucht man mindestens zehn. Ein Alltag ohne Rechnen ist kaum vorstellbar. Mit den Anf\u00e4ngen und Grundlagen befasst sich jetzt das \u201ehr2-Kinderfunkkolleg Mathematik on Tour\u201c. Am Mittwoch, 22. Juli, um 16 Uhr erl\u00e4utert in der Kinderakademie Fulda ein echter Profi, wie unsere Zahlensysteme entstanden sind. Professor Albrecht Beutelspacher macht die kleinen und gro\u00dfen G\u00e4ste durch interaktive Experimente mit den Geheimnissen von Mathematik und Geometrie vertraut.<\/p>\n<p>Der Ausflug in die Geschichte des logischen Denkens f\u00fchrt unter anderem zu dem Philosophen Pythagoras von Samos. Der Gelehrte der Antike hielt alles f\u00fcr Mathematik, zum Beispiel auch Musik. Vorgestellt werden fr\u00fche Messwerkzeuge wie die \u201eZw\u00f6lf-Knoten-Schnur\u201c, der Zw\u00f6lffl\u00e4chen-K\u00f6rper \u201eDodekaeder\u201c und die \u201eTetraktys\u201c, ein Schl\u00fcsselbegriff der pythagoreischen Kosmologie.<\/p>\n<p>Das \u201ehr2-Kinderfunkkolleg on Tour\u201c ist eine Veranstaltungsreihe von hr2-kultur in Zusammenarbeit mit dem Mathematikum Gie\u00dfen und der Sparkassen-Kulturstiftung Hessen-Th\u00fcringen f\u00fcr Kinder im Grundschulalter. Durch das Programm f\u00fchrt Juliane Spatz von hr2-kultur. Der Eintritt ist frei. Um Voranmeldung wird gebeten unter Telefon: 0661\/902730.<\/p>\n<p>Im Internet l\u00e4dt das hr2-Kinderfunkkolleg Mathematik \u201ePunkt, Komma, Strich\u201c auch weiterhin dazu ein, Logik und Mathematik mit viel Spa\u00df zu erkunden. Auf www.hr2.de gibt es Wissenswertes \u00fcber Symmetrie, Geheimzahlen, Gl\u00fcck im Spiel, Mandalas und den Urmeter oder zu entdecken.<\/p>\n<p>Wann: 22. Juli 2015, 16 Uhr<br \/>\nWo: Kinderakademie Fulda, Mehlerstra\u00dfe 8,<br \/>\n36043 Fulda<br \/>\nEintritt: frei, Anmeldung unter<br \/>\nTelefon: 0661\/902730<br \/>\nInternet: www.hr2.de<\/p>\n","protected":false},"excerpt":{"rendered":"<div class=\"tmnf_excerpt\"><p>F\u00fcnf \u00c4pfel sind mehr als drei, f\u00fcr ein M\u00fcsli reicht ein halber, f\u00fcr einen Kuchen braucht man mindestens zehn. Ein Alltag ohne Rechnen ist kaum vorstellbar. Mit den Anf\u00e4ngen und Grundlagen befasst sich jetzt das \u201ehr2-Kinderfunkkolleg Mathematik on Tour\u201c. Am Mittwoch, 22. Juli, um 16 Uhr erl\u00e4utert in der Kinderakademie Fulda ein echter Profi, wie &hellip;<\/p>\n<\/div>","protected":false},"author":1,"featured_media":0,"comment_status":"closed","ping_status":"closed","sticky":false,"template":"","format":"standard","meta":{"footnotes":""},"categories":[1,53,72],"tags":[],"class_list":["post-141074","post","type-post","status-publish","format-standard","hentry","category-startseite","category-bildung","category-jugend"],"_links":{"self":[{"href":"https:\/\/www.fuldaernachrichten.de\/index.php?rest_route=\/wp\/v2\/posts\/141074","targetHints":{"allow":["GET"]}}],"collection":[{"href":"https:\/\/www.fuldaernachrichten.de\/index.php?rest_route=\/wp\/v2\/posts"}],"about":[{"href":"https:\/\/www.fuldaernachrichten.de\/index.php?rest_route=\/wp\/v2\/types\/post"}],"author":[{"embeddable":true,"href":"https:\/\/www.fuldaernachrichten.de\/index.php?rest_route=\/wp\/v2\/users\/1"}],"replies":[{"embeddable":true,"href":"https:\/\/www.fuldaernachrichten.de\/index.php?rest_route=%2Fwp%2Fv2%2Fcomments&post=141074"}],"version-history":[{"count":1,"href":"https:\/\/www.fuldaernachrichten.de\/index.php?rest_route=\/wp\/v2\/posts\/141074\/revisions"}],"predecessor-version":[{"id":141075,"href":"https:\/\/www.fuldaernachrichten.de\/index.php?rest_route=\/wp\/v2\/posts\/141074\/revisions\/141075"}],"wp:attachment":[{"href":"https:\/\/www.fuldaernachrichten.de\/index.php?rest_route=%2Fwp%2Fv2%2Fmedia&parent=141074"}],"wp:term":[{"taxonomy":"category","embeddable":true,"href":"https:\/\/www.fuldaernachrichten.de\/index.php?rest_route=%2Fwp%2Fv2%2Fcategories&post=141074"},{"taxonomy":"post_tag","embeddable":true,"href":"https:\/\/www.fuldaernachrichten.de\/index.php?rest_route=%2Fwp%2Fv2%2Ftags&post=141074"}],"curies":[{"name":"wp","href":"https:\/\/api.w.org\/{rel}","templated":true}]}}