{"id":141052,"date":"2015-07-15T13:35:09","date_gmt":"2015-07-15T11:35:09","guid":{"rendered":"http:\/\/www.fuldaer-nachrichten.de\/?p=141052"},"modified":"2015-07-15T13:35:09","modified_gmt":"2015-07-15T11:35:09","slug":"dioezesane-familienpilgerfahrt-nach-rom-vorbereitungstreffen-der-200-teilnehmer-mit-weihbischof-diez","status":"publish","type":"post","link":"https:\/\/www.fuldaernachrichten.de\/?p=141052","title":{"rendered":"Di\u00f6zesane Familienpilgerfahrt nach Rom &#8211; Vorbereitungstreffen der 200 Teilnehmer mit Weihbischof Diez"},"content":{"rendered":"<p><a href=\"http:\/\/www.fuldaer-nachrichten.de\/wp-content\/uploads\/2015\/07\/DSC07114.jpg\"><img fetchpriority=\"high\" decoding=\"async\" class=\"alignleft size-thumbnail wp-image-141054\" src=\"http:\/\/www.fuldaer-nachrichten.de\/wp-content\/uploads\/2015\/07\/DSC07114-265x199.jpg\" alt=\"DSC07114\" width=\"265\" height=\"199\" srcset=\"https:\/\/www.fuldaernachrichten.de\/wp-content\/uploads\/2015\/07\/DSC07114-265x199.jpg 265w, https:\/\/www.fuldaernachrichten.de\/wp-content\/uploads\/2015\/07\/DSC07114-600x450.jpg 600w, https:\/\/www.fuldaernachrichten.de\/wp-content\/uploads\/2015\/07\/DSC07114.jpg 900w\" sizes=\"(max-width: 265px) 100vw, 265px\" \/><\/a>\u201eAuf diese Familienwallfahrt mit euch in den Herbstferien freue ich mich au\u00dferordentlich\u201c, begr\u00fc\u00dfte Weihbischof Prof. Dr. Karlheinz Diez die 200 Teilnehmer, die aus allen Teilen des Bistums zum Vorbereitungstag der di\u00f6zesanen Familienpilgerfahrt nach Rom, ins Sch\u00f6nstattzentrum nach Dietershausen angereist kamen. Die H\u00e4lfte der Pilger sind Kinder im Alter von 1 bis 15 Jahren. Das Motto \u201eGott in der Familie \u2013 gemeinsam auf Spurensuche\u201c ist der Leitfaden f\u00fcr das vielf\u00e4ltige und abwechslungsreiche Programm, das speziell f\u00fcr Familien zusammengestellt ist. \u201eGemeinsam wollen wir das Zentrum der Weltkirche erleben, den kulturellen Reichtum der \u201eEwigen Stadt\u201c erkunden und dabei Lebens- und Glaubenserfahrungen austauschen\u201c, erl\u00e4uterte der Weihbischof weiter.<\/p>\n<p>\u201eAls wir vor 2 Jahren mit den Planungen dieser Fahrt f\u00fcr junge Familien begannen, ahnten wir weder, dass sie schon 1 Jahr vor Anmeldeschluss ausgebucht sein w\u00fcrde, noch dass zu dieser Zeit in Rom eine Familiensynode stattfindet und die Kirche erstmals ein Ehepaar heiligspricht. Mit so vielen aufgeschlossenen, jungen und vitalen Familien auf Pilgerfahrt zu gehen, wird den Glauben in uns und unseren Familien neu entfachen und st\u00e4rken.\u201c, freut sich Thomas Bretz von der Familienseelsorge des Bistums, der die Veranstaltung initiiert hat.<\/p>\n<p>W\u00e4hrend die Eltern mit Frank Happ, dem Gesch\u00e4ftsf\u00fchrer des Reiseb\u00fcros Happ, der als Reiseleiter die Fahrt begleiten wird, das Programm in Rom auf die Zielgruppe hin optimierte, malten die Kinder Begr\u00fc\u00dfungsbanner f\u00fcr die Generalaudienz mit Papst Franziskus oder informierten sich \u00fcber die Gladiatorenk\u00e4mpfe im alten Rom oder lernten spielerisch ein paar Worte auf Italienisch.<\/p>\n<p>Relindis Kn\u00f6chelmann, ebenfalls in der Familienseelsorge t\u00e4tig und im Leitungsteam der Pilgerfahrt engagiert, informierte \u00fcber die Unterbringung in \u201eMobilhomes\u201c auf einem Campingplatz und leitete die Familien an, sich mit einem \u201eFarbenrap\u201c in den Busgruppen zu finden und bekannt zu machen. Zum Mitarbeiterteam der Pilgerfahrt geh\u00f6ren au\u00dferdem das Ehepaar Hielscher (Kirchhain) und das Ehepaar Mathes (Fulda), Dechant M. Bl\u00fcmel (Eiterfeld) und die Kinderbetreuer Silvia Hahl (Poppenhausen), Philipp M\u00fcller (Flieden), Doroth\u00e9e Ulrich (Fulda) und Johanna Hielscher (Kirchhain).<\/p>\n<p>Beim abschlie\u00dfenden Familiengottesdienst mit Weihbischof Diez konzelebrierten Dechant Bl\u00fcmel und Diakon Thomas Hielscher, der bei einem eindr\u00fccklichen Anspiel mit den Familien dar\u00fcber nachdachte, was in einen Pilgerrucksack unbedingt hinein geh\u00f6rt und was besser zuhause bleiben kann. Am Ende des Tages sagte Linus (9 Jahre) mit Blick auf die Familienpilgerfahrt nach Rom: \u201eAm meisten freue ich mich auf Eis und den Papst und dass wir zusammen \u00fcbernachten k\u00f6nnen\u201c. Die Familienpilgerfahrt wird vom Bonifatiuswerk deutscher Katholiken gef\u00f6rdert.<\/p>\n","protected":false},"excerpt":{"rendered":"<div class=\"tmnf_excerpt\"><p>\u201eAuf diese Familienwallfahrt mit euch in den Herbstferien freue ich mich au\u00dferordentlich\u201c, begr\u00fc\u00dfte Weihbischof Prof. Dr. Karlheinz Diez die 200 Teilnehmer, die aus allen Teilen des Bistums zum Vorbereitungstag der di\u00f6zesanen Familienpilgerfahrt nach Rom, ins Sch\u00f6nstattzentrum nach Dietershausen angereist kamen. Die H\u00e4lfte der Pilger sind Kinder im Alter von 1 bis 15 Jahren. Das Motto &hellip;<\/p>\n<\/div>","protected":false},"author":1,"featured_media":141053,"comment_status":"closed","ping_status":"closed","sticky":false,"template":"","format":"standard","meta":{"footnotes":""},"categories":[1,72],"tags":[],"class_list":["post-141052","post","type-post","status-publish","format-standard","has-post-thumbnail","hentry","category-startseite","category-jugend"],"_links":{"self":[{"href":"https:\/\/www.fuldaernachrichten.de\/index.php?rest_route=\/wp\/v2\/posts\/141052","targetHints":{"allow":["GET"]}}],"collection":[{"href":"https:\/\/www.fuldaernachrichten.de\/index.php?rest_route=\/wp\/v2\/posts"}],"about":[{"href":"https:\/\/www.fuldaernachrichten.de\/index.php?rest_route=\/wp\/v2\/types\/post"}],"author":[{"embeddable":true,"href":"https:\/\/www.fuldaernachrichten.de\/index.php?rest_route=\/wp\/v2\/users\/1"}],"replies":[{"embeddable":true,"href":"https:\/\/www.fuldaernachrichten.de\/index.php?rest_route=%2Fwp%2Fv2%2Fcomments&post=141052"}],"version-history":[{"count":1,"href":"https:\/\/www.fuldaernachrichten.de\/index.php?rest_route=\/wp\/v2\/posts\/141052\/revisions"}],"predecessor-version":[{"id":141055,"href":"https:\/\/www.fuldaernachrichten.de\/index.php?rest_route=\/wp\/v2\/posts\/141052\/revisions\/141055"}],"wp:featuredmedia":[{"embeddable":true,"href":"https:\/\/www.fuldaernachrichten.de\/index.php?rest_route=\/wp\/v2\/media\/141053"}],"wp:attachment":[{"href":"https:\/\/www.fuldaernachrichten.de\/index.php?rest_route=%2Fwp%2Fv2%2Fmedia&parent=141052"}],"wp:term":[{"taxonomy":"category","embeddable":true,"href":"https:\/\/www.fuldaernachrichten.de\/index.php?rest_route=%2Fwp%2Fv2%2Fcategories&post=141052"},{"taxonomy":"post_tag","embeddable":true,"href":"https:\/\/www.fuldaernachrichten.de\/index.php?rest_route=%2Fwp%2Fv2%2Ftags&post=141052"}],"curies":[{"name":"wp","href":"https:\/\/api.w.org\/{rel}","templated":true}]}}