{"id":141049,"date":"2015-07-15T13:33:53","date_gmt":"2015-07-15T11:33:53","guid":{"rendered":"http:\/\/www.fuldaer-nachrichten.de\/?p=141049"},"modified":"2015-07-15T13:33:53","modified_gmt":"2015-07-15T11:33:53","slug":"schueler-des-beruflichen-gymnasiums-in-berlin-viertaegige-studienfahrt-mit-blick-ueber-den-tellerrand","status":"publish","type":"post","link":"https:\/\/www.fuldaernachrichten.de\/?p=141049","title":{"rendered":"Sch\u00fcler des Beruflichen Gymnasiums in Berlin Viert\u00e4gige Studienfahrt mit Blick \u00fcber den Tellerrand"},"content":{"rendered":"<p>K\u00fcrzlich besuchte eine 11. Klasse des Beruflichen Gymnasiums der Eduard-Stieler-schule gemeinsam mit ihrem Tutor Christian Quanz die Bundeshauptstadt nach einer Einladung der SPD-Bundestagsabgeordneten Birgit K\u00f6mpel.<br \/>\nDie Sch\u00fclerinnen und Sch\u00fcler der Fachrichtung Ern\u00e4hrungslehre hatten die Gelegenheit einer Debatte im Bundestag zu folgen, in welcher es um das aktuelle Thema \u201eSterbehilfe\u201c ging. Hier konnten sie den Plenarsaal sehen, der ihnen vorher nur aus den Nachrichten bekannt war. Auch bestand die M\u00f6glichkeit, sich mit Frau K\u00f6mpel \u00fcber ihr Leben im st\u00e4ndigen Wechsel zwischen Berlin und Fulda zu unterhalten. Leider bekam man die Bundeskanzlerin nicht zu Gesicht, ein wenig entsch\u00e4digte daf\u00fcr die Glaskuppel des Reichstages bei sch\u00f6nstem Sommerwetter.<\/p>\n<p>Weitere Bestandteile des Programms waren eine Stadtf\u00fchrung unter dem Motto \u201eGeteiltes Berlin\u201c, eine Besichtigung des Stasi-Gef\u00e4ngnisses Hohensch\u00f6nhausen sowie ein Einblick in das Ausbildungszentrum von Siemens. Hier sollten die jungen Leute Informationen dar\u00fcber erhalten, wie das Bewerbungsverfahren bei einer gro\u00dfen Aktiengesellschaft abl\u00e4uft, denn auch wenn sie sich zun\u00e4chst f\u00fcr eine Fachrichtung entschieden haben, steht am Ende die Allgemeine Hochschulreife.<\/p>\n","protected":false},"excerpt":{"rendered":"<div class=\"tmnf_excerpt\"><p>K\u00fcrzlich besuchte eine 11. Klasse des Beruflichen Gymnasiums der Eduard-Stieler-schule gemeinsam mit ihrem Tutor Christian Quanz die Bundeshauptstadt nach einer Einladung der SPD-Bundestagsabgeordneten Birgit K\u00f6mpel. Die Sch\u00fclerinnen und Sch\u00fcler der Fachrichtung Ern\u00e4hrungslehre hatten die Gelegenheit einer Debatte im Bundestag zu folgen, in welcher es um das aktuelle Thema \u201eSterbehilfe\u201c ging. Hier konnten sie den Plenarsaal &hellip;<\/p>\n<\/div>","protected":false},"author":1,"featured_media":141050,"comment_status":"closed","ping_status":"closed","sticky":false,"template":"","format":"standard","meta":{"footnotes":""},"categories":[1,53],"tags":[],"class_list":["post-141049","post","type-post","status-publish","format-standard","has-post-thumbnail","hentry","category-startseite","category-bildung"],"_links":{"self":[{"href":"https:\/\/www.fuldaernachrichten.de\/index.php?rest_route=\/wp\/v2\/posts\/141049","targetHints":{"allow":["GET"]}}],"collection":[{"href":"https:\/\/www.fuldaernachrichten.de\/index.php?rest_route=\/wp\/v2\/posts"}],"about":[{"href":"https:\/\/www.fuldaernachrichten.de\/index.php?rest_route=\/wp\/v2\/types\/post"}],"author":[{"embeddable":true,"href":"https:\/\/www.fuldaernachrichten.de\/index.php?rest_route=\/wp\/v2\/users\/1"}],"replies":[{"embeddable":true,"href":"https:\/\/www.fuldaernachrichten.de\/index.php?rest_route=%2Fwp%2Fv2%2Fcomments&post=141049"}],"version-history":[{"count":1,"href":"https:\/\/www.fuldaernachrichten.de\/index.php?rest_route=\/wp\/v2\/posts\/141049\/revisions"}],"predecessor-version":[{"id":141051,"href":"https:\/\/www.fuldaernachrichten.de\/index.php?rest_route=\/wp\/v2\/posts\/141049\/revisions\/141051"}],"wp:featuredmedia":[{"embeddable":true,"href":"https:\/\/www.fuldaernachrichten.de\/index.php?rest_route=\/wp\/v2\/media\/141050"}],"wp:attachment":[{"href":"https:\/\/www.fuldaernachrichten.de\/index.php?rest_route=%2Fwp%2Fv2%2Fmedia&parent=141049"}],"wp:term":[{"taxonomy":"category","embeddable":true,"href":"https:\/\/www.fuldaernachrichten.de\/index.php?rest_route=%2Fwp%2Fv2%2Fcategories&post=141049"},{"taxonomy":"post_tag","embeddable":true,"href":"https:\/\/www.fuldaernachrichten.de\/index.php?rest_route=%2Fwp%2Fv2%2Ftags&post=141049"}],"curies":[{"name":"wp","href":"https:\/\/api.w.org\/{rel}","templated":true}]}}