{"id":141037,"date":"2015-07-15T11:46:42","date_gmt":"2015-07-15T09:46:42","guid":{"rendered":"http:\/\/www.fuldaer-nachrichten.de\/?p=141037"},"modified":"2015-07-15T11:46:42","modified_gmt":"2015-07-15T09:46:42","slug":"geselligkeit-und-kulinarische-genuesse","status":"publish","type":"post","link":"https:\/\/www.fuldaernachrichten.de\/?p=141037","title":{"rendered":"Geselligkeit und Kulinarische Gen\u00fcsse"},"content":{"rendered":"<p>Gleich zu Beginn des Sommermonats August wird im Kernort Hilders so richtig die Wutz rausgelassen. Der Ort wird stolze 1100 Jahre alt und feiert dieses Jubil\u00e4um vom 08. bis 10. August 2015 mit allem, was zu so einem gro\u00dfen Fest dazugeh\u00f6rt. Musikalisch reicht das Repertoire von Rock\u00c2\u00b4n Roll, Jazz und Dixie, Musicalausschnitten bis hin zur z\u00fcnftigen Blasmusik! An allen drei Tagen pr\u00e4sentiert sich Hilders zudem mit einem perfekt auf den Ort zugeschnittenem Rahmenprogramm. Einer der H\u00f6hepunkte ist sicherlich am Sonntag der Bunte Rh\u00f6ner Markttag mit Kunsthandwerk, Ausstellungen, M\u00e4rchenerz\u00e4hler, Greifvogelshow, Kistenstapeln, Gondelgucken, Helikopterrundfl\u00fcge und vielem mehr. Tja und kulinarisch gibt es so ziemlich alles, was die Rh\u00f6ner auch selber lieben! Das ganze Programmangebot gibt es bei der Tourist-Info Hilders, Tel. 06681\/960815 und nat\u00fcrlich unter www.hilders.de<\/p>\n","protected":false},"excerpt":{"rendered":"<div class=\"tmnf_excerpt\"><p>Gleich zu Beginn des Sommermonats August wird im Kernort Hilders so richtig die Wutz rausgelassen. Der Ort wird stolze 1100 Jahre alt und feiert dieses Jubil\u00e4um vom 08. bis 10. August 2015 mit allem, was zu so einem gro\u00dfen Fest dazugeh\u00f6rt. Musikalisch reicht das Repertoire von Rock\u00c2\u00b4n Roll, Jazz und Dixie, Musicalausschnitten bis hin zur &hellip;<\/p>\n<\/div>","protected":false},"author":1,"featured_media":141035,"comment_status":"closed","ping_status":"closed","sticky":false,"template":"","format":"standard","meta":{"footnotes":""},"categories":[1,44],"tags":[],"class_list":["post-141037","post","type-post","status-publish","format-standard","has-post-thumbnail","hentry","category-startseite","category-kultur"],"_links":{"self":[{"href":"https:\/\/www.fuldaernachrichten.de\/index.php?rest_route=\/wp\/v2\/posts\/141037","targetHints":{"allow":["GET"]}}],"collection":[{"href":"https:\/\/www.fuldaernachrichten.de\/index.php?rest_route=\/wp\/v2\/posts"}],"about":[{"href":"https:\/\/www.fuldaernachrichten.de\/index.php?rest_route=\/wp\/v2\/types\/post"}],"author":[{"embeddable":true,"href":"https:\/\/www.fuldaernachrichten.de\/index.php?rest_route=\/wp\/v2\/users\/1"}],"replies":[{"embeddable":true,"href":"https:\/\/www.fuldaernachrichten.de\/index.php?rest_route=%2Fwp%2Fv2%2Fcomments&post=141037"}],"version-history":[{"count":1,"href":"https:\/\/www.fuldaernachrichten.de\/index.php?rest_route=\/wp\/v2\/posts\/141037\/revisions"}],"predecessor-version":[{"id":141038,"href":"https:\/\/www.fuldaernachrichten.de\/index.php?rest_route=\/wp\/v2\/posts\/141037\/revisions\/141038"}],"wp:featuredmedia":[{"embeddable":true,"href":"https:\/\/www.fuldaernachrichten.de\/index.php?rest_route=\/wp\/v2\/media\/141035"}],"wp:attachment":[{"href":"https:\/\/www.fuldaernachrichten.de\/index.php?rest_route=%2Fwp%2Fv2%2Fmedia&parent=141037"}],"wp:term":[{"taxonomy":"category","embeddable":true,"href":"https:\/\/www.fuldaernachrichten.de\/index.php?rest_route=%2Fwp%2Fv2%2Fcategories&post=141037"},{"taxonomy":"post_tag","embeddable":true,"href":"https:\/\/www.fuldaernachrichten.de\/index.php?rest_route=%2Fwp%2Fv2%2Ftags&post=141037"}],"curies":[{"name":"wp","href":"https:\/\/api.w.org\/{rel}","templated":true}]}}