{"id":141000,"date":"2015-07-14T18:01:56","date_gmt":"2015-07-14T16:01:56","guid":{"rendered":"http:\/\/www.fuldaer-nachrichten.de\/?p=141000"},"modified":"2015-07-14T18:01:56","modified_gmt":"2015-07-14T16:01:56","slug":"48-fos-absolventen-im-bildungsunternehmen-dr-jordan-verabschiedet","status":"publish","type":"post","link":"https:\/\/www.fuldaernachrichten.de\/?p=141000","title":{"rendered":"48 FOS-Absolventen im Bildungsunternehmen Dr. Jordan verabschiedet"},"content":{"rendered":"<p>\u201eLasst uns an die Stelle von Zukunfts\u00e4ngsten lieber das Vordenken und Vorausplanen setzen.\u201c Mit diesen Worten hatte Prof. Dr. Lothar Jordan als Inhaber des gleichnamigen Bildungsunternehmens die G\u00e4ste zur Verabschiedung der Fachobersch\u00fcler begr\u00fc\u00dft. In den Fachrichtungen Wirtschaftsinformatik, Gesundheit, Sozialwesen, Wirtschaft und Verwaltung konnten 48 Sch\u00fclerinnen und Sch\u00fcler ihr Zeugnis zum staatlich anerkannten Fachabitur entgegennehmen.<\/p>\n<p>\u201eHeute im Zeichen von globalen Krisen, von wirtschaftlichen Schwierigkeiten in der europ\u00e4ischen Gemeinschaft, gilt diese strategische Zielorientierung global. Es fehlen qualifizierte Facharbeiter und Ingenieure, Auszubildende \u2013 die Reihe l\u00e4sst sich beliebig fortsetzen. Damit es weiter aufw\u00e4rts geht, ist also Ihr positives Denken und Handeln notwendig, das Erkennen und Ergreifen von Chancen gefragt\u201c, so appellierte Jordan positiv an die Absolventen. \u00e2\u20ac\u00a8Als Elternvertreter hatte Michael Schwab den Sch\u00fclerinnen und Sch\u00fclern gute W\u00fcnsche f\u00fcr die berufliche Laufbahn mit auf den Weg gegeben: \u201eDie Bildung, die Sie hier erhalten haben, ist nicht nur Wissen, sondern viel mehr \u2013 ein St\u00fcck Herzensbildung. Damit sind Sie ohne Frage gut f\u00fcr die Zukunft ger\u00fcstet.\u201c Ebenfalls zu Wort kam Ole Walter als Sch\u00fclervertreter, der seine Hoffnung aussprach, dass alle Absolventen ihren eigenen, richtigen Weg finden werden. In emotionalen Ansprachen verabschiedeten sich die Klassenmentoren von \u201eihren\u201c Sch\u00fclerinnen und Sch\u00fclern. \u00c2\u00a0\u00e2\u20ac\u00a8Als Jahrgangsbeste wurden Jessica J\u00e4ger mit einer Durchschnittsnote von 1,1 und Anusha Vasantharajah mit einem Durchschnitt von 1,2 von der Schulleitung mit Geschenken geehrt. Besonders stolz ist Klassenmentorin Andrea Keidel-Jest\u00e4dt: \u201eZwei Jahre intensive Zusammenarbeit, Lernen in guter Gemeinschaft und gro\u00dfes Engagement haben sich jetzt gelohnt. Mit diesen Ergebnissen stehen unseren Absolventinnen und Absolventen alle T\u00fcren offen.\u201c<\/p>\n<p>Zum Bild: Spitzenleistungen in der Fachoberschule erbracht: Inhaber Prof. Dr. Lothar Jordan, Jessica J\u00e4ger, Anusha Vasantharajah und Klassenmentorin Andrea Keidel-Jest\u00e4dt (von links).<\/p>\n","protected":false},"excerpt":{"rendered":"<div class=\"tmnf_excerpt\"><p>\u201eLasst uns an die Stelle von Zukunfts\u00e4ngsten lieber das Vordenken und Vorausplanen setzen.\u201c Mit diesen Worten hatte Prof. Dr. Lothar Jordan als Inhaber des gleichnamigen Bildungsunternehmens die G\u00e4ste zur Verabschiedung der Fachobersch\u00fcler begr\u00fc\u00dft. In den Fachrichtungen Wirtschaftsinformatik, Gesundheit, Sozialwesen, Wirtschaft und Verwaltung konnten 48 Sch\u00fclerinnen und Sch\u00fcler ihr Zeugnis zum staatlich anerkannten Fachabitur entgegennehmen. \u201eHeute &hellip;<\/p>\n<\/div>","protected":false},"author":1,"featured_media":141002,"comment_status":"closed","ping_status":"closed","sticky":false,"template":"","format":"standard","meta":{"footnotes":""},"categories":[1,53],"tags":[],"class_list":["post-141000","post","type-post","status-publish","format-standard","has-post-thumbnail","hentry","category-startseite","category-bildung"],"_links":{"self":[{"href":"https:\/\/www.fuldaernachrichten.de\/index.php?rest_route=\/wp\/v2\/posts\/141000","targetHints":{"allow":["GET"]}}],"collection":[{"href":"https:\/\/www.fuldaernachrichten.de\/index.php?rest_route=\/wp\/v2\/posts"}],"about":[{"href":"https:\/\/www.fuldaernachrichten.de\/index.php?rest_route=\/wp\/v2\/types\/post"}],"author":[{"embeddable":true,"href":"https:\/\/www.fuldaernachrichten.de\/index.php?rest_route=\/wp\/v2\/users\/1"}],"replies":[{"embeddable":true,"href":"https:\/\/www.fuldaernachrichten.de\/index.php?rest_route=%2Fwp%2Fv2%2Fcomments&post=141000"}],"version-history":[{"count":1,"href":"https:\/\/www.fuldaernachrichten.de\/index.php?rest_route=\/wp\/v2\/posts\/141000\/revisions"}],"predecessor-version":[{"id":141003,"href":"https:\/\/www.fuldaernachrichten.de\/index.php?rest_route=\/wp\/v2\/posts\/141000\/revisions\/141003"}],"wp:featuredmedia":[{"embeddable":true,"href":"https:\/\/www.fuldaernachrichten.de\/index.php?rest_route=\/wp\/v2\/media\/141002"}],"wp:attachment":[{"href":"https:\/\/www.fuldaernachrichten.de\/index.php?rest_route=%2Fwp%2Fv2%2Fmedia&parent=141000"}],"wp:term":[{"taxonomy":"category","embeddable":true,"href":"https:\/\/www.fuldaernachrichten.de\/index.php?rest_route=%2Fwp%2Fv2%2Fcategories&post=141000"},{"taxonomy":"post_tag","embeddable":true,"href":"https:\/\/www.fuldaernachrichten.de\/index.php?rest_route=%2Fwp%2Fv2%2Ftags&post=141000"}],"curies":[{"name":"wp","href":"https:\/\/api.w.org\/{rel}","templated":true}]}}