{"id":140890,"date":"2015-07-11T10:45:28","date_gmt":"2015-07-11T08:45:28","guid":{"rendered":"http:\/\/www.fuldaer-nachrichten.de\/?p=140890"},"modified":"2015-07-11T10:45:28","modified_gmt":"2015-07-11T08:45:28","slug":"zum-konzert-von-trecantus-im-tanner-musiksommer","status":"publish","type":"post","link":"https:\/\/www.fuldaernachrichten.de\/?p=140890","title":{"rendered":"Zum Konzert von TreCantus im Tanner Musiksommer"},"content":{"rendered":"<p>Au\u00dfergew\u00f6hnliches bekamen Besucher bei einem Konzert in der barocken Dorfkirche in Tann-Neuswarts geboten. Dort gastierte in Rahmen des Tanner Musiksommers und des Kultursommers Main-Kinzig-Fulda das Ensemble \u201eTreCantus\u201c aus Leipzig mit einem nur selten zu h\u00f6renden Instrument: dem Portativ. Diese \u201etragbare Orgel\u201c, bei der mit einer Hand die Tastatur bespielt und mit dem anderen Arm ein Blasebalg bedient wird, entlockte Franns W. Pomnitz von Pomnitzau \u00fcberraschende Kl\u00e4nge geistlicher und weltlicher Musik des Mittelalters.<\/p>\n<p>Durch die kenntnisreiche Moderation des K\u00fcnstlers erfuhren die interessierten Zuh\u00f6rer, dass das Portativ zur damaligen Zeit ein weit verbreitetes Instrument war, das Pilgern als Begleitung ihrer Ges\u00e4nge ebenso diente wie der Unterhaltung bei Hofe. Entsprechend breit gef\u00e4chert war das Repertoire des Abends, dabei Musikst\u00fccke auch aus der Feder von Menschen, deren Namen sonst kaum mit Musik assoziiert werden, wie Hildegard von Bingen (\u201eSequenz\u201c) oder K\u00f6nig Heinrich VIII von England (\u201eWhere to should I express\u201c, \u201ePastyme with good company\u201c u.a.). Vorgetragen teils als Instrumental-Solo, teils in einem faszinierenden Dreiklang mit Sopran (Jana Karin Adam) und Tenor (Franns v. Pomnitz) f\u00fchlte sich das Publikum versetzt in l\u00e4ngst vergangene Zeiten, in denen Minnes\u00e4nger wie Oswald von Wolkenstein (Ave mater o Maria) in musikalischen Wettstreit traten.<\/p>\n<p>Dass dabei \u201eTreCantus\u201c sicher zu den Gewinnern gez\u00e4hlt h\u00e4tte, machten die Zuh\u00f6rer durch dankbaren Applaus deutlich.<\/p>\n","protected":false},"excerpt":{"rendered":"<div class=\"tmnf_excerpt\"><p>Au\u00dfergew\u00f6hnliches bekamen Besucher bei einem Konzert in der barocken Dorfkirche in Tann-Neuswarts geboten. Dort gastierte in Rahmen des Tanner Musiksommers und des Kultursommers Main-Kinzig-Fulda das Ensemble \u201eTreCantus\u201c aus Leipzig mit einem nur selten zu h\u00f6renden Instrument: dem Portativ. Diese \u201etragbare Orgel\u201c, bei der mit einer Hand die Tastatur bespielt und mit dem anderen Arm ein &hellip;<\/p>\n<\/div>","protected":false},"author":1,"featured_media":0,"comment_status":"closed","ping_status":"closed","sticky":false,"template":"","format":"standard","meta":{"footnotes":""},"categories":[1,44],"tags":[],"class_list":["post-140890","post","type-post","status-publish","format-standard","hentry","category-startseite","category-kultur"],"_links":{"self":[{"href":"https:\/\/www.fuldaernachrichten.de\/index.php?rest_route=\/wp\/v2\/posts\/140890","targetHints":{"allow":["GET"]}}],"collection":[{"href":"https:\/\/www.fuldaernachrichten.de\/index.php?rest_route=\/wp\/v2\/posts"}],"about":[{"href":"https:\/\/www.fuldaernachrichten.de\/index.php?rest_route=\/wp\/v2\/types\/post"}],"author":[{"embeddable":true,"href":"https:\/\/www.fuldaernachrichten.de\/index.php?rest_route=\/wp\/v2\/users\/1"}],"replies":[{"embeddable":true,"href":"https:\/\/www.fuldaernachrichten.de\/index.php?rest_route=%2Fwp%2Fv2%2Fcomments&post=140890"}],"version-history":[{"count":1,"href":"https:\/\/www.fuldaernachrichten.de\/index.php?rest_route=\/wp\/v2\/posts\/140890\/revisions"}],"predecessor-version":[{"id":140891,"href":"https:\/\/www.fuldaernachrichten.de\/index.php?rest_route=\/wp\/v2\/posts\/140890\/revisions\/140891"}],"wp:attachment":[{"href":"https:\/\/www.fuldaernachrichten.de\/index.php?rest_route=%2Fwp%2Fv2%2Fmedia&parent=140890"}],"wp:term":[{"taxonomy":"category","embeddable":true,"href":"https:\/\/www.fuldaernachrichten.de\/index.php?rest_route=%2Fwp%2Fv2%2Fcategories&post=140890"},{"taxonomy":"post_tag","embeddable":true,"href":"https:\/\/www.fuldaernachrichten.de\/index.php?rest_route=%2Fwp%2Fv2%2Ftags&post=140890"}],"curies":[{"name":"wp","href":"https:\/\/api.w.org\/{rel}","templated":true}]}}