{"id":140826,"date":"2015-07-10T16:19:30","date_gmt":"2015-07-10T14:19:30","guid":{"rendered":"http:\/\/www.fuldaer-nachrichten.de\/?p=140826"},"modified":"2015-07-10T16:19:30","modified_gmt":"2015-07-10T14:19:30","slug":"kreisjugendfeuerwehrtag-in-petersberg-steinau-jugendfeuerwehren-bieten-einzigartiges-freizeitangebot","status":"publish","type":"post","link":"https:\/\/www.fuldaernachrichten.de\/?p=140826","title":{"rendered":"Kreisjugendfeuerwehrtag in Petersberg-Steinau &#8211; Jugendfeuerwehren bieten einzigartiges Freizeitangebot!"},"content":{"rendered":"<p><a href=\"http:\/\/www.fuldaer-nachrichten.de\/wp-content\/uploads\/2015\/07\/KJF-Tag2015_-005.jpg\"><img decoding=\"async\" class=\"alignleft size-thumbnail wp-image-140829\" src=\"http:\/\/www.fuldaer-nachrichten.de\/wp-content\/uploads\/2015\/07\/KJF-Tag2015_-005-265x176.jpg\" alt=\"KJF-Tag2015_ 005\" width=\"265\" height=\"176\" srcset=\"https:\/\/www.fuldaernachrichten.de\/wp-content\/uploads\/2015\/07\/KJF-Tag2015_-005-265x176.jpg 265w, https:\/\/www.fuldaernachrichten.de\/wp-content\/uploads\/2015\/07\/KJF-Tag2015_-005-600x399.jpg 600w, https:\/\/www.fuldaernachrichten.de\/wp-content\/uploads\/2015\/07\/KJF-Tag2015_-005.jpg 900w\" sizes=\"(max-width: 265px) 100vw, 265px\" \/><\/a>Der Kreisjugendfeuerwehrtag der Kreisjugendfeuerwehr Fulda fand am 21. Juni 2015 in Petersberg-Steinau statt. Hierbei stand der Ortskern von Steinau ganz im Mittelpunkt zum Thema helfen, retten und Spa\u00df dabei haben! Es gab eine Vielzahl von tollen Vorf\u00fchrungen, Ausstellungen von Fahrzeugen und Ger\u00e4ten sowie eine Menge Mitmachaktionen f\u00fcr die G\u00e4ste und Jugendfeuerwehrmitglieder. Dazu pr\u00e4sentierten sich auch neben den Feuerwehren auch Hilfsorganisationen und Beh\u00f6rden und stellten ihre neueste Technik vor.<\/p>\n<p>Jede Stadt- und Gemeindejugendfeuerwehr pr\u00e4sentierte ein Spiel bei dem die Jugendlichen in einem Spielpass Stempel f\u00fcr die gro\u00dfe Abschlussverlosung sammeln konnten. Dabei entstand die \u201el\u00e4ngste Spielstra\u00dfe des Landkreises Fulda\u201c. Anschlie\u00dfend und nach erfolgreicher Teilnahme bestand die M\u00f6glichkeit auf\u00c2\u00a0 gro\u00dfartige Gewinne, die am Ende der Veranstaltung gezogen und bekanntgegeben wurden. Weiter stellten sich der Verband der Reservisten der Kreisgruppe Fulda und der Malteser Hilfsdienst Petersberg-Steinhaus den Besuchern vor. Bei der Bundespolizei H\u00fcnfeld konnte man sich \u00fcber den neuen Wasserwerfer informieren und \u00fcber deren T\u00e4tigkeit und Einsatzgebiete. Die Rettungshundestaffel Hessen Ost zeigte den G\u00e4sten wie die Hunde bei einer Personensuche eingesetzt werden.<\/p>\n<p>Das Deutsche Feuerwehr Museum Fulda stellte ein historisches Feuerwehrfahrzeug vor. Nachmittags landete der Rettungshubschrauber \u201eChristoph 28\u201c und war Anziehungspunkt f\u00fcr viele Kinder und Jugendlichen. Etwas ganz besonderes war das Infomobil des Deutschen Bundestages, wo man \u00fcber das deutsche Parlament und die Arbeit der Abgeordneten aufgekl\u00e4rt wurden. Zeitweise konnte man auch mit den Bundestagsabgeordneten Birgit K\u00f6mpel und Michael Brand \u00fcber deren Wirkungsbereich in Berlin sprechen. Der Feuerwehrmusikzug der Feuerwehr Fulda sorgte f\u00fcr musikalische Unterhaltung der Besucher w\u00e4hrend der Kaffeezeit.<\/p>\n<p>Die Feuerwehr Dipperz demonstrierte anhand einen Einsatz\u00fcbung wie bei einem PKW-Brand vorgegangen wird. Die Wehr aus Petersberg-Margretenhaun f\u00fchrte eine historische Handdruckspritze vor und die Feuerwehren aus Petersberg-Marbach und Burghaun zeigten eine Fettexplosion. Die Menschenrettung \u00fcber einen sogenannten Leiterhebel zeigte die Feuerwehr Hofbieber und das L\u00f6schen eines Wohnungsbrandes wurde durch die Feuerwehr Fulda-Nord demonstriert. Auch die\u00c2\u00a0 Kinderfeuerwehr H\u00fcnfeld-Ro\u00dfbach f\u00fchrte eine kleine L\u00f6sch\u00fcbung durch. Abschie\u00dfend f\u00fchrten die Feuerwehrangeh\u00f6rigen aus Petersberg die Rettung einer eingeklemmten Person aus einem PKW durch und setzten hydraulisches Rettungsger\u00e4t ein. Der Feuerwehrfachhandel Michael M\u00f6ller aus Steinau zeigte das L\u00f6schen von Br\u00e4nden mir einem Feuerl\u00f6scher und hatte ebenfalls einen gro\u00dfen \u00dcberdruckl\u00fcfter vor Ort aufgebaut.<\/p>\n<p>Auch viele Politiker der Kommunal-, Landes- und Bundesebene waren vertreten, sowie die Vertreter verschiedenster Institutionen. Der Kreisjugendfeuerwehrtag ist immer ein besonderes Highlight, an dem man sich hautnah \u00fcber die Arbeit der Jugendfeuerwehr, Feuerwehr und die Hilfsorganisationen informieren kann.<\/p>\n<p>Zur Er\u00f6ffnung begr\u00fc\u00dfte Kreisjugendfeuerwehrwart Steffen Hohmann alle anwesenden G\u00e4ste und Ehreng\u00e4ste. Unter anderem sprach der Erste Kreisbeigeordneten Dr. Heiko Wingenfeld, der sich freute, dass er zur Er\u00f6ffnung des Kreisjugendfeuerwehrtages f\u00fcr den Landkreis Fulda in Steinau, das in diesen Tagen zur Hauptstadt der Jugendfeuerwehren im Landkreis Fulda wurde, sein durfte, ein Gru\u00dfwort. Er lobte und dankte den \u00fcber 1800 Jugendlichen, die sich in ihrer Freizeit in der Jugendfeuerwehr Engagieren.\u00c2\u00a0 Bundestagsabgeordnete Birgit K\u00f6mpel freute sich sehr vor Ort sein zu d\u00fcrfen und begr\u00fc\u00dfte alle Anwesenden mit dem Feuerwehrspruch: \u201eDer Feuerwehr, der Feuerwehr ist nichts zu schwer. Aber, ohne die freiwillige Feuerwehr w\u00e4re es in unserem Kreis und den Gemeinden ziemlich schwer.\u201c B\u00fcrgermeister Karl-Josef Schwiddessen \u00fcberbrachte Gr\u00fc\u00dfe der Gemeinde Petersberg und bedankte sich bei der Feuerwehr Petersberg-Steinau f\u00fcr die Ausrichtung des Tages. Somit w\u00fcnschte er allen zum Abschluss viel Spa\u00df und alles Gute. Abschlie\u00dfend sprach Kreisbrandmeister Stefan Manns stellvertretend f\u00fcr die Feuerwehren aus dem Landkreis Fulda und dem Kreisfeuerwehrverband Fulda ein Gru\u00dfwort. Die Jugendfeuerwehrangeh\u00f6rigen stehen an diesem Tag im Mittelpunkt und nicht zu vergessen sind alle Hilfsorganisationen und die Polizei, die ihre Verbundenheit mit der Feuerwehr zeigen. Der Kreisjugendfeuerwehrtag ist eine sehr wichtige Einrichtung der Kreisjugendfeuerwehr Fulda, weil dadurch die M\u00f6glichkeit besteht sich in der \u00d6ffentlichkeit zu pr\u00e4sentieren. \u201eWir w\u00fcnschen euch Spiel, Spa\u00df und Spannung heute\u201c, ein Werbeslogan aus den 90er Jahren vom \u00dcberraschungs-Ei sagt genau das aus, was eine Organisation ausmacht: Spiel, Spa\u00df und Spannung, so Manns abschlie\u00dfend.<\/p>\n<p>Trotz Regen am Morgen kam im Laufe des Tages die Sonne zum Vorschein und mit 1200 Besuchern wurde der Kreisjugendfeuerwehrtag in Petersberg-Steinau ein voller Erfolg.<\/p>\n<p>\u00dcber den harmonischen und durchaus reibungslosen Ablauf der Veranstaltung freute sich der Kreisjugendfeuerwehrausschuss der viel Zeit im Vorfeld in die Planung und Organisation steckte und abschlie\u00dfend von vielen G\u00e4sten ein gelungenes Jugendfeuerwehrfest bescheinigt bekam. Ein ganz besonderer Dank geht allerdings an die Feuerwehr und Jugendfeuerwehr Petersberg-Steinau f\u00fcr die gute Organisation und Durchf\u00fchrung des Kreisjugendfeuerwehrtages.<\/p>\n","protected":false},"excerpt":{"rendered":"<div class=\"tmnf_excerpt\"><p>Der Kreisjugendfeuerwehrtag der Kreisjugendfeuerwehr Fulda fand am 21. Juni 2015 in Petersberg-Steinau statt. Hierbei stand der Ortskern von Steinau ganz im Mittelpunkt zum Thema helfen, retten und Spa\u00df dabei haben! Es gab eine Vielzahl von tollen Vorf\u00fchrungen, Ausstellungen von Fahrzeugen und Ger\u00e4ten sowie eine Menge Mitmachaktionen f\u00fcr die G\u00e4ste und Jugendfeuerwehrmitglieder. Dazu pr\u00e4sentierten sich auch &hellip;<\/p>\n<\/div>","protected":false},"author":1,"featured_media":0,"comment_status":"closed","ping_status":"closed","sticky":false,"template":"","format":"gallery","meta":{"footnotes":""},"categories":[71,72],"tags":[],"class_list":["post-140826","post","type-post","status-publish","format-gallery","hentry","category-feuerwehr","category-jugend","post_format-post-format-gallery"],"_links":{"self":[{"href":"https:\/\/www.fuldaernachrichten.de\/index.php?rest_route=\/wp\/v2\/posts\/140826","targetHints":{"allow":["GET"]}}],"collection":[{"href":"https:\/\/www.fuldaernachrichten.de\/index.php?rest_route=\/wp\/v2\/posts"}],"about":[{"href":"https:\/\/www.fuldaernachrichten.de\/index.php?rest_route=\/wp\/v2\/types\/post"}],"author":[{"embeddable":true,"href":"https:\/\/www.fuldaernachrichten.de\/index.php?rest_route=\/wp\/v2\/users\/1"}],"replies":[{"embeddable":true,"href":"https:\/\/www.fuldaernachrichten.de\/index.php?rest_route=%2Fwp%2Fv2%2Fcomments&post=140826"}],"version-history":[{"count":1,"href":"https:\/\/www.fuldaernachrichten.de\/index.php?rest_route=\/wp\/v2\/posts\/140826\/revisions"}],"predecessor-version":[{"id":140860,"href":"https:\/\/www.fuldaernachrichten.de\/index.php?rest_route=\/wp\/v2\/posts\/140826\/revisions\/140860"}],"wp:attachment":[{"href":"https:\/\/www.fuldaernachrichten.de\/index.php?rest_route=%2Fwp%2Fv2%2Fmedia&parent=140826"}],"wp:term":[{"taxonomy":"category","embeddable":true,"href":"https:\/\/www.fuldaernachrichten.de\/index.php?rest_route=%2Fwp%2Fv2%2Fcategories&post=140826"},{"taxonomy":"post_tag","embeddable":true,"href":"https:\/\/www.fuldaernachrichten.de\/index.php?rest_route=%2Fwp%2Fv2%2Ftags&post=140826"}],"curies":[{"name":"wp","href":"https:\/\/api.w.org\/{rel}","templated":true}]}}