{"id":140813,"date":"2015-07-10T16:13:35","date_gmt":"2015-07-10T14:13:35","guid":{"rendered":"http:\/\/www.fuldaer-nachrichten.de\/?p=140813"},"modified":"2015-07-10T16:13:35","modified_gmt":"2015-07-10T14:13:35","slug":"mit-dem-landkreis-vom-14-bis-22-august-an-die-mecklenburgische-seenplatte-und-vom-23-august-bis-5-september-ins-salzburger-land","status":"publish","type":"post","link":"https:\/\/www.fuldaernachrichten.de\/?p=140813","title":{"rendered":"Mit dem Landkreis vom 14. bis 22. August an die Mecklenburgische Seenplatte und vom 23. August bis 5. September ins Salzburger Land"},"content":{"rendered":"<p>F\u00fcr die Kanufreizeit des Landkreises Fulda an der Mecklenburgischen Seenplatte sowie die Aktivfreizeit im Salzburger Land sind noch Pl\u00e4tze frei. Die Kanufreizeit f\u00fcr 12- bis 14-j\u00e4hrige findet vom 14. bis 22. August und kostet 265 Euro. Die Teilnahmegeb\u00fchr der Aktivfreizeit f\u00fcr 13- bis 15-j\u00e4hrige vom 23. August bis 5. September betr\u00e4gt 390 Euro. Info und Anmeldung unter Telefon (0661)6006-427, E-Mail jugend@landkreis-fulda.de.<\/p>\n","protected":false},"excerpt":{"rendered":"<div class=\"tmnf_excerpt\"><p>F\u00fcr die Kanufreizeit des Landkreises Fulda an der Mecklenburgischen Seenplatte sowie die Aktivfreizeit im Salzburger Land sind noch Pl\u00e4tze frei. Die Kanufreizeit f\u00fcr 12- bis 14-j\u00e4hrige findet vom 14. bis 22. August und kostet 265 Euro. Die Teilnahmegeb\u00fchr der Aktivfreizeit f\u00fcr 13- bis 15-j\u00e4hrige vom 23. August bis 5. September betr\u00e4gt 390 Euro. Info und &hellip;<\/p>\n<\/div>","protected":false},"author":1,"featured_media":0,"comment_status":"closed","ping_status":"closed","sticky":false,"template":"","format":"standard","meta":{"footnotes":""},"categories":[1,72],"tags":[],"class_list":["post-140813","post","type-post","status-publish","format-standard","hentry","category-startseite","category-jugend"],"_links":{"self":[{"href":"https:\/\/www.fuldaernachrichten.de\/index.php?rest_route=\/wp\/v2\/posts\/140813","targetHints":{"allow":["GET"]}}],"collection":[{"href":"https:\/\/www.fuldaernachrichten.de\/index.php?rest_route=\/wp\/v2\/posts"}],"about":[{"href":"https:\/\/www.fuldaernachrichten.de\/index.php?rest_route=\/wp\/v2\/types\/post"}],"author":[{"embeddable":true,"href":"https:\/\/www.fuldaernachrichten.de\/index.php?rest_route=\/wp\/v2\/users\/1"}],"replies":[{"embeddable":true,"href":"https:\/\/www.fuldaernachrichten.de\/index.php?rest_route=%2Fwp%2Fv2%2Fcomments&post=140813"}],"version-history":[{"count":1,"href":"https:\/\/www.fuldaernachrichten.de\/index.php?rest_route=\/wp\/v2\/posts\/140813\/revisions"}],"predecessor-version":[{"id":140816,"href":"https:\/\/www.fuldaernachrichten.de\/index.php?rest_route=\/wp\/v2\/posts\/140813\/revisions\/140816"}],"wp:attachment":[{"href":"https:\/\/www.fuldaernachrichten.de\/index.php?rest_route=%2Fwp%2Fv2%2Fmedia&parent=140813"}],"wp:term":[{"taxonomy":"category","embeddable":true,"href":"https:\/\/www.fuldaernachrichten.de\/index.php?rest_route=%2Fwp%2Fv2%2Fcategories&post=140813"},{"taxonomy":"post_tag","embeddable":true,"href":"https:\/\/www.fuldaernachrichten.de\/index.php?rest_route=%2Fwp%2Fv2%2Ftags&post=140813"}],"curies":[{"name":"wp","href":"https:\/\/api.w.org\/{rel}","templated":true}]}}