{"id":140804,"date":"2015-07-10T16:12:09","date_gmt":"2015-07-10T14:12:09","guid":{"rendered":"http:\/\/www.fuldaer-nachrichten.de\/?p=140804"},"modified":"2015-07-10T16:12:09","modified_gmt":"2015-07-10T14:12:09","slug":"familienzentrum-in-hofbieber-erhaelt-foerderbescheid-in-hoehe-von-12-000-euro","status":"publish","type":"post","link":"https:\/\/www.fuldaernachrichten.de\/?p=140804","title":{"rendered":"Familienzentrum in Hofbieber erh\u00e4lt F\u00f6rderbescheid in H\u00f6he von 12.000 Euro"},"content":{"rendered":"<p>Der Staatssekret\u00e4r im Hessischen Ministerium f\u00fcr Soziales und Integration,<br \/>\nDr. Wolfgang Dippel, hat heute dem Familienzentrum in Hofbieber im Landkreis Fulda ein F\u00f6rderbescheid in H\u00f6he von 12.000 Euro \u00fcberbracht. Tr\u00e4ger des Zentrums ist die Gemeinde Hofbieber, die seit 2007 gezielt Projekte zur Familienfreundlichkeit umsetzt. Die Einrichtung h\u00e4lt ein umfangreiches Programm f\u00fcr alle Generationen bereit. Besonders hervorzuheben ist die ganzheitliche familienbezogene Arbeitsweise und der Einsatz f\u00fcr Seniorinnen und Senioren. Die Hessische Landesregierung wird im laufenden Jahr 121 Familienzentren mit insgesamt 1,44 Millionen Euro f\u00f6rdern.<\/p>\n<p>\u201eDas Familienzentrum in Hofbieber bietet allen B\u00fcrgerinnen und B\u00fcrgern die M\u00f6glichkeit, sich in den R\u00e4umlichkeiten zu treffen, Kontakte zu schlie\u00dfen und Unterst\u00fctzung zu erhalten. Neben zahlreichen Bildungsveranstaltungen bietet das Zentrum auch viele Beratungs- und Unterst\u00fctzungsangebote und f\u00f6rdert auf diese Weise unter anderem die bessere Vereinbarkeit von Familie bzw. Pflege und Beruf\u201c, erkl\u00e4rt Dr. Dippel.<\/p>\n<p>Das Familienzentrum Hofbieber m\u00f6chte Menschen in jedem Lebensalter erreichen. Die Angebote gliedern sich nach den Schwerpunkten Kinder-, Jugend- und Familienunterst\u00fctzung, Menschen in besonderen Lebenslagen und Menschen im Alter.<br \/>\nWeiterhin gibt es eine gute Zusammenarbeit mit der Kita in Hofbieber und der Biebertalschule Hofbieber. Durch die Einbindung der Stiftung \u201eKommunales Netzwerk Humandienste Hofbieber\u201c k\u00f6nnen Fahr- und Besuchsdienste angeboten werden. Ebenso besteht eine intensive Zusammenarbeit mit allen Gesundheitsdiensten der Region sowie zur Sozialstation des Landkreises Fulda. Viele Ehrenamtliche unterst\u00fctzen die Arbeit des Familienzentrums.<\/p>\n<p>Hessen f\u00f6rdert seit 2011 Familienzentren. Aus den anf\u00e4nglich 46 gef\u00f6rderten Einrichtungen sind inzwischen 121 Familienzentren geworden, die \u00fcber ganz Hessen verteilt sind. Durch die Landesf\u00f6rderung werden Familienzentren mit bis zu 12.000 Euro pro Einrichtung und Jahr finanziell unterst\u00fctzt.<\/p>\n","protected":false},"excerpt":{"rendered":"<div class=\"tmnf_excerpt\"><p>Der Staatssekret\u00e4r im Hessischen Ministerium f\u00fcr Soziales und Integration, Dr. Wolfgang Dippel, hat heute dem Familienzentrum in Hofbieber im Landkreis Fulda ein F\u00f6rderbescheid in H\u00f6he von 12.000 Euro \u00fcberbracht. Tr\u00e4ger des Zentrums ist die Gemeinde Hofbieber, die seit 2007 gezielt Projekte zur Familienfreundlichkeit umsetzt. Die Einrichtung h\u00e4lt ein umfangreiches Programm f\u00fcr alle Generationen bereit. Besonders &hellip;<\/p>\n<\/div>","protected":false},"author":1,"featured_media":0,"comment_status":"closed","ping_status":"closed","sticky":false,"template":"","format":"standard","meta":{"footnotes":""},"categories":[72,29],"tags":[],"class_list":["post-140804","post","type-post","status-publish","format-standard","hentry","category-jugend","category-politik"],"_links":{"self":[{"href":"https:\/\/www.fuldaernachrichten.de\/index.php?rest_route=\/wp\/v2\/posts\/140804","targetHints":{"allow":["GET"]}}],"collection":[{"href":"https:\/\/www.fuldaernachrichten.de\/index.php?rest_route=\/wp\/v2\/posts"}],"about":[{"href":"https:\/\/www.fuldaernachrichten.de\/index.php?rest_route=\/wp\/v2\/types\/post"}],"author":[{"embeddable":true,"href":"https:\/\/www.fuldaernachrichten.de\/index.php?rest_route=\/wp\/v2\/users\/1"}],"replies":[{"embeddable":true,"href":"https:\/\/www.fuldaernachrichten.de\/index.php?rest_route=%2Fwp%2Fv2%2Fcomments&post=140804"}],"version-history":[{"count":1,"href":"https:\/\/www.fuldaernachrichten.de\/index.php?rest_route=\/wp\/v2\/posts\/140804\/revisions"}],"predecessor-version":[{"id":140809,"href":"https:\/\/www.fuldaernachrichten.de\/index.php?rest_route=\/wp\/v2\/posts\/140804\/revisions\/140809"}],"wp:attachment":[{"href":"https:\/\/www.fuldaernachrichten.de\/index.php?rest_route=%2Fwp%2Fv2%2Fmedia&parent=140804"}],"wp:term":[{"taxonomy":"category","embeddable":true,"href":"https:\/\/www.fuldaernachrichten.de\/index.php?rest_route=%2Fwp%2Fv2%2Fcategories&post=140804"},{"taxonomy":"post_tag","embeddable":true,"href":"https:\/\/www.fuldaernachrichten.de\/index.php?rest_route=%2Fwp%2Fv2%2Ftags&post=140804"}],"curies":[{"name":"wp","href":"https:\/\/api.w.org\/{rel}","templated":true}]}}