{"id":14080,"date":"2008-11-14T08:10:03","date_gmt":"2008-11-14T07:10:03","guid":{"rendered":"http:\/\/www.schoene-nachrichten.de\/?p=14080"},"modified":"2008-11-14T08:14:13","modified_gmt":"2008-11-14T07:14:13","slug":"uewag-weihnachtsmalstube-fuer-kinder","status":"publish","type":"post","link":"https:\/\/www.fuldaernachrichten.de\/?p=14080","title":{"rendered":"\u00dcWAG-Weihnachtsmalstube f\u00fcr Kinder"},"content":{"rendered":"<p><strong>Fulda. <\/strong>Die Nachfrage ist gro\u00df, nur noch wenige Pl\u00e4tze sind frei: Die \u00dcberlandwerk Fulda Aktiengesellschaft veranstaltet am Montag, 24. November 2008, und am Mittwoch, 26. November 2008, in ihrem Kundenzentrum in der Fuldaer Bahnhofstra\u00dfe eine Weihnachtsmalaktion f\u00fcr Kinder im Grundschulalter.<!--more--><br \/>\n<strong>Energiegeladenes Weihnachtsfest<\/strong><br \/>\nUnter Anleitung der K\u00fcnstlerin Mariam Sch\u00e4fer kann der kreative Nachwuchs an diesen Tagen seine Ideen f\u00fcr ein energiegeladenes Weihnachtsfest zu Papier bringen. Die Kinder werden malerisch und zeichnerisch festhalten, wie man den Strom der \u00dcWAG zu Weihnachten am besten nutzt: zum Pl\u00e4tzchenbacken, um den heimischen Tannenbaum zu erleuchten oder um eine lustige Karussellfahrt auf dem Weihnachtsmarkt zu unternehmen. Der Fantasie sind in der \u00dcWAG-Weihnachtsmalstube keine Grenzen gesetzt.<\/p>\n<p>Der erste Termin am Montag, 24. November 2008, richtet sich an Kinder im 1. und 2. Schuljahr. Der zweite Termin am Mittwoch, 26. November 2008, ist f\u00fcr Sch\u00fclerinnen und Sch\u00fcler der 3. und 4. Klassen gedacht. An beiden Tagen gibt es jeweils zwei Malgruppen: die erste von 15:00 bis 16:30 Uhr und die zweite von 16:30 Uhr bis 18:00 Uhr.<\/p>\n<p>Alle Teilnehmer erhalten von der \u00dcWAG ein kleines Dankesch\u00f6n. Die 24 sch\u00f6nsten Bilder werden in der Vorweihnachtszeit au\u00dferdem \u00fcber die Gro\u00dfformat-Beamer im \u00dcWAG-Kundenzentrum gezeigt, sodass ein gro\u00dfes Publikum die Arbeiten bewundern kann. Farben und Papier gibt es bei der \u00dcWAG. Die Teilnahme an der Malaktion ist kostenlos, die Teilnehmerzahl aber begrenzt. Es entscheidet die Reihenfolge der Anmeldung, die unter der Telefonnummer 0661 12-205 m\u00f6glich ist. Wer m\u00f6chte, der kann sich auch unter der E-Mail-Adresse infoline@uewag.de anmelden und seinen Wunschtermin angeben.<\/p>\n","protected":false},"excerpt":{"rendered":"<div class=\"tmnf_excerpt\"><p>Fulda. Die Nachfrage ist gro\u00df, nur noch wenige Pl\u00e4tze sind frei: Die \u00dcberlandwerk Fulda Aktiengesellschaft veranstaltet am Montag, 24. November 2008, und am Mittwoch, 26. November 2008, in ihrem Kundenzentrum in der Fuldaer Bahnhofstra\u00dfe eine Weihnachtsmalaktion f\u00fcr Kinder im Grundschulalter.<\/p>\n<\/div>","protected":false},"author":1,"featured_media":0,"comment_status":"closed","ping_status":"closed","sticky":false,"template":"","format":"standard","meta":{"footnotes":""},"categories":[1,72],"tags":[],"class_list":["post-14080","post","type-post","status-publish","format-standard","hentry","category-startseite","category-jugend"],"_links":{"self":[{"href":"https:\/\/www.fuldaernachrichten.de\/index.php?rest_route=\/wp\/v2\/posts\/14080","targetHints":{"allow":["GET"]}}],"collection":[{"href":"https:\/\/www.fuldaernachrichten.de\/index.php?rest_route=\/wp\/v2\/posts"}],"about":[{"href":"https:\/\/www.fuldaernachrichten.de\/index.php?rest_route=\/wp\/v2\/types\/post"}],"author":[{"embeddable":true,"href":"https:\/\/www.fuldaernachrichten.de\/index.php?rest_route=\/wp\/v2\/users\/1"}],"replies":[{"embeddable":true,"href":"https:\/\/www.fuldaernachrichten.de\/index.php?rest_route=%2Fwp%2Fv2%2Fcomments&post=14080"}],"version-history":[{"count":2,"href":"https:\/\/www.fuldaernachrichten.de\/index.php?rest_route=\/wp\/v2\/posts\/14080\/revisions"}],"predecessor-version":[{"id":14128,"href":"https:\/\/www.fuldaernachrichten.de\/index.php?rest_route=\/wp\/v2\/posts\/14080\/revisions\/14128"}],"wp:attachment":[{"href":"https:\/\/www.fuldaernachrichten.de\/index.php?rest_route=%2Fwp%2Fv2%2Fmedia&parent=14080"}],"wp:term":[{"taxonomy":"category","embeddable":true,"href":"https:\/\/www.fuldaernachrichten.de\/index.php?rest_route=%2Fwp%2Fv2%2Fcategories&post=14080"},{"taxonomy":"post_tag","embeddable":true,"href":"https:\/\/www.fuldaernachrichten.de\/index.php?rest_route=%2Fwp%2Fv2%2Ftags&post=14080"}],"curies":[{"name":"wp","href":"https:\/\/api.w.org\/{rel}","templated":true}]}}