{"id":140781,"date":"2015-07-10T05:54:33","date_gmt":"2015-07-10T03:54:33","guid":{"rendered":"http:\/\/www.fuldaer-nachrichten.de\/?p=140781"},"modified":"2015-07-08T18:57:05","modified_gmt":"2015-07-08T16:57:05","slug":"sommerferienwoche-fuer-maedchen","status":"publish","type":"post","link":"https:\/\/www.fuldaernachrichten.de\/?p=140781","title":{"rendered":"Sommerferienwoche f\u00fcr M\u00e4dchen"},"content":{"rendered":"<p>Die Sch\u00f6nstattbewegung M\u00e4dchen\/Junge Frauen im Bistum Fulda bietet in der Zeit vom 27. bis 30. Juli eine Sommerferienwoche f\u00fcr neun- bis zw\u00f6lfj\u00e4hrige M\u00e4dchen an. Sie findet von Montag, 18 Uhr, bis Donnerstag, gegen 14 Uhr im Josef-Engling-Haus in Dietershausen statt. Der Unkostenbeitrag liegt bei 70 Euro. Es wird um baldm\u00f6gliche Anmeldung bei Sr. M. Kerstin Ruh, Marienh\u00f6he 1, 36093 Dietershausen, E-Mail: sr.kerstin@s-ms.org, gebeten.<\/p>\n","protected":false},"excerpt":{"rendered":"<div class=\"tmnf_excerpt\"><p>Die Sch\u00f6nstattbewegung M\u00e4dchen\/Junge Frauen im Bistum Fulda bietet in der Zeit vom 27. bis 30. Juli eine Sommerferienwoche f\u00fcr neun- bis zw\u00f6lfj\u00e4hrige M\u00e4dchen an. Sie findet von Montag, 18 Uhr, bis Donnerstag, gegen 14 Uhr im Josef-Engling-Haus in Dietershausen statt. Der Unkostenbeitrag liegt bei 70 Euro. Es wird um baldm\u00f6gliche Anmeldung bei Sr. M. Kerstin &hellip;<\/p>\n<\/div>","protected":false},"author":1,"featured_media":0,"comment_status":"closed","ping_status":"closed","sticky":false,"template":"","format":"standard","meta":{"footnotes":""},"categories":[1,72],"tags":[],"class_list":["post-140781","post","type-post","status-publish","format-standard","hentry","category-startseite","category-jugend"],"_links":{"self":[{"href":"https:\/\/www.fuldaernachrichten.de\/index.php?rest_route=\/wp\/v2\/posts\/140781","targetHints":{"allow":["GET"]}}],"collection":[{"href":"https:\/\/www.fuldaernachrichten.de\/index.php?rest_route=\/wp\/v2\/posts"}],"about":[{"href":"https:\/\/www.fuldaernachrichten.de\/index.php?rest_route=\/wp\/v2\/types\/post"}],"author":[{"embeddable":true,"href":"https:\/\/www.fuldaernachrichten.de\/index.php?rest_route=\/wp\/v2\/users\/1"}],"replies":[{"embeddable":true,"href":"https:\/\/www.fuldaernachrichten.de\/index.php?rest_route=%2Fwp%2Fv2%2Fcomments&post=140781"}],"version-history":[{"count":1,"href":"https:\/\/www.fuldaernachrichten.de\/index.php?rest_route=\/wp\/v2\/posts\/140781\/revisions"}],"predecessor-version":[{"id":140787,"href":"https:\/\/www.fuldaernachrichten.de\/index.php?rest_route=\/wp\/v2\/posts\/140781\/revisions\/140787"}],"wp:attachment":[{"href":"https:\/\/www.fuldaernachrichten.de\/index.php?rest_route=%2Fwp%2Fv2%2Fmedia&parent=140781"}],"wp:term":[{"taxonomy":"category","embeddable":true,"href":"https:\/\/www.fuldaernachrichten.de\/index.php?rest_route=%2Fwp%2Fv2%2Fcategories&post=140781"},{"taxonomy":"post_tag","embeddable":true,"href":"https:\/\/www.fuldaernachrichten.de\/index.php?rest_route=%2Fwp%2Fv2%2Ftags&post=140781"}],"curies":[{"name":"wp","href":"https:\/\/api.w.org\/{rel}","templated":true}]}}