{"id":140768,"date":"2015-07-09T05:50:40","date_gmt":"2015-07-09T03:50:40","guid":{"rendered":"http:\/\/www.fuldaer-nachrichten.de\/?p=140768"},"modified":"2015-07-08T18:51:54","modified_gmt":"2015-07-08T16:51:54","slug":"hr-fernsehen-zeigt-highlights-des-hr-videowettbewerbs-2015","status":"publish","type":"post","link":"https:\/\/www.fuldaernachrichten.de\/?p=140768","title":{"rendered":"hr-fernsehen zeigt Highlights des hr-Videowettbewerbs 2015"},"content":{"rendered":"<p>Sie dr\u00fccken noch die Schulbank, doch ihre Filme sind schon im TV zu sehen: Vom Montag, 13. Juli, bis Freitag, 17. Juli, zeigt das hr-fernsehen jeweils um 11 Uhr (Freitag um 10.25 Uhr) die 18 besten Kurzfilme von hessischen Sch\u00fclern aus dem diesj\u00e4hrigen hr-Wettbewerb \u201eMeine Ausbildung \u2013 Du f\u00fchrst Regie\u201c. Bereits zum siebten Mal hatte der hr mit dem Wettbewerb Sch\u00fcler aufgerufen, das Thema \u201eAusbildung\u201c aufzugreifen und in einem Kurzfilm zu dokumentieren \u2013 und das mit gro\u00dfem Erfolg: Fast 70 Schulen und Jugendprojekte aus ganz Hessen hatten sich beworben. Die besten Filme des Wettbewerbs wurden nicht nur mit Preisen von insgesamt \u00fcber 15.000 Euro pr\u00e4miert, sondern sie sind jetzt auch im Rahmen von \u201eWissen und mehr\u201c, dem Bildungsprogramm des hr-fernsehens, zu sehen.<\/p>\n<p>Die Ausstrahlung der \u201eMeine Ausbildung\u201c-Beitr\u00e4ge in der \u00dcbersicht:<\/p>\n<p>Montag, 13. Juli, 11 Uhr<br \/>\n\u00e2\u20ac\u00a2 Radko-St\u00f6ckl-Schule, Melsungen, mit \u201eWas mache ich hier eigentlich?\u201c<br \/>\n\u00e2\u20ac\u00a2 Joachim-Schumann-Schule, Babenhausen, mit \u201eAusbildung\u201c<br \/>\n\u00e2\u20ac\u00a2 Adolf-Reichwein-Gymnasium, Heusenstamm, mit \u201eAusbildung erkl\u00e4rt\u201c<br \/>\n\u00e2\u20ac\u00a2.Martin-Luther-King-Schule, Kassel, mit \u201eJeder Mensch stellt sich etwas anderes vor\u201c (Gewinner der Rubrik Bester Newcomer)<\/p>\n<p>Dienstag, 14. Juli, 11 Uhr<br \/>\n\u00e2\u20ac\u00a2 Heinrich-von-Gagern-Gymnasium, Frankfurt, mit \u201eCan You Handle The Tracer?\u201c (Gewinner der Rubrik Beste Story)<br \/>\n\u00e2\u20ac\u00a2 Br\u00fcder-Grimm-Schule, Fulda, mit \u201eImmer nur gammeln\u201c<br \/>\n\u00e2\u20ac\u00a2 Oberstufengymnasium, Eschwege, mit \u201eMeine Ausbildung\u201c<br \/>\n\u00e2\u20ac\u00a2 Fr\u00f6belschule, Offenbach, mit \u201eTraumberufe\u201c<\/p>\n<p>Mittwoch, 15. Juli, 11 Uhr<br \/>\n\u00e2\u20ac\u00a2 Heinrich-Mann-Schule, Dietzenbach, mit \u201e\u00c4ngste (Gewinner des Innovations-Preises)<br \/>\n\u00e2\u20ac\u00a2 Hessenwaldschule, Weiterstadt, mit \u201eEs ist nie zu sp\u00e4t\u201c<br \/>\n\u00e2\u20ac\u00a2 Bertolt-Brecht-Schule, Darmstadt, mit \u201eBeruf Weltmeister\u201c<br \/>\n\u00e2\u20ac\u00a2 Friedrich-Fr\u00f6bel-Schule, Maintal, mit \u201eStengel TV\u201c<\/p>\n<p>Donnerstag, 16. Juli, 11 Uhr<br \/>\n\u00e2\u20ac\u00a2 Friedrich-August-Genth-Schule, W\u00e4chtersbach, mit \u201eTanzschritte\u201c (Gewinner der Rubrik Bester Film)<br \/>\n\u00e2\u20ac\u00a2 Adolf-Reichwein-Schule, Neu-Anspach, mit \u201eDeine Tr\u00e4ume; deine Ausbildung\u201c<br \/>\n\u00e2\u20ac\u00a2 Hermann-Schafft-Schule, Homberg (Efze), mit \u201eJung, h\u00f6rgesch\u00e4digt \u00e2\u20ac\u00a6 und?\u201c (Gewinner des Sonderpreises f\u00fcr Inklusion)<\/p>\n<p>Freitag, 17. Juli, 10.25 Uhr<br \/>\n\u00e2\u20ac\u00a2 Erich-K\u00e4stner-Schule, Darmstadt, mit \u201eNicht mal Babys schlafen so gut\u201c (Gewinner der Rubrik Beste schauspielerische Leistung)<br \/>\n\u00e2\u20ac\u00a2 Sabine-Ball-Schule, Darmstadt, mit \u201eAB In The Air\u201c<br \/>\n\u00e2\u20ac\u00a2 Albert-Schweitzer-Schule, Offenbach, mit \u201eHochleistungssport und Ausbildung\u201c<\/p>\n<p>Veranstaltet wird der Wettbewerb \u201eMeine Ausbildung\u201c vom Hessischen Rundfunk in Zusammenarbeit mit dem Hessischen Kultusministerium, dem Sparkassen- und Giroverband Hessen-Th\u00fcringen, der Arbeitsgemeinschaft der Hessischen Handwerkskammern, der Fraport AG, der DGB-Jugend Hessen-Th\u00fcringen, dem Landesarbeitskreis kommunaler Medienzentren in Hessen e. V., Provadis (Partner f\u00fcr Bildung und Beratung GmbH) sowie der cantus-Verkehrsgesellschaft mbH. Gemeinsames Ziel ist es, mit dem Wettbewerb die Medienkompetenz der Sch\u00fcler zu f\u00f6rdern und die Bedeutung der beruflichen Ausbildung st\u00e4rker in den Fokus der Jugendlichen zu r\u00fccken.<\/p>\n<p>Ausf\u00fchrliche Informationen zum Wettbewerb finden sich unter meineausbildung.hr.de. Unter dieser Adresse sind au\u00dferdem sowohl die Siegerfilme als auch die Preisverleihung als Video on demand zu sehen.<\/p>\n","protected":false},"excerpt":{"rendered":"<div class=\"tmnf_excerpt\"><p>Sie dr\u00fccken noch die Schulbank, doch ihre Filme sind schon im TV zu sehen: Vom Montag, 13. Juli, bis Freitag, 17. Juli, zeigt das hr-fernsehen jeweils um 11 Uhr (Freitag um 10.25 Uhr) die 18 besten Kurzfilme von hessischen Sch\u00fclern aus dem diesj\u00e4hrigen hr-Wettbewerb \u201eMeine Ausbildung \u2013 Du f\u00fchrst Regie\u201c. Bereits zum siebten Mal hatte &hellip;<\/p>\n<\/div>","protected":false},"author":1,"featured_media":0,"comment_status":"closed","ping_status":"closed","sticky":false,"template":"","format":"standard","meta":{"footnotes":""},"categories":[1,53,72],"tags":[],"class_list":["post-140768","post","type-post","status-publish","format-standard","hentry","category-startseite","category-bildung","category-jugend"],"_links":{"self":[{"href":"https:\/\/www.fuldaernachrichten.de\/index.php?rest_route=\/wp\/v2\/posts\/140768","targetHints":{"allow":["GET"]}}],"collection":[{"href":"https:\/\/www.fuldaernachrichten.de\/index.php?rest_route=\/wp\/v2\/posts"}],"about":[{"href":"https:\/\/www.fuldaernachrichten.de\/index.php?rest_route=\/wp\/v2\/types\/post"}],"author":[{"embeddable":true,"href":"https:\/\/www.fuldaernachrichten.de\/index.php?rest_route=\/wp\/v2\/users\/1"}],"replies":[{"embeddable":true,"href":"https:\/\/www.fuldaernachrichten.de\/index.php?rest_route=%2Fwp%2Fv2%2Fcomments&post=140768"}],"version-history":[{"count":1,"href":"https:\/\/www.fuldaernachrichten.de\/index.php?rest_route=\/wp\/v2\/posts\/140768\/revisions"}],"predecessor-version":[{"id":140771,"href":"https:\/\/www.fuldaernachrichten.de\/index.php?rest_route=\/wp\/v2\/posts\/140768\/revisions\/140771"}],"wp:attachment":[{"href":"https:\/\/www.fuldaernachrichten.de\/index.php?rest_route=%2Fwp%2Fv2%2Fmedia&parent=140768"}],"wp:term":[{"taxonomy":"category","embeddable":true,"href":"https:\/\/www.fuldaernachrichten.de\/index.php?rest_route=%2Fwp%2Fv2%2Fcategories&post=140768"},{"taxonomy":"post_tag","embeddable":true,"href":"https:\/\/www.fuldaernachrichten.de\/index.php?rest_route=%2Fwp%2Fv2%2Ftags&post=140768"}],"curies":[{"name":"wp","href":"https:\/\/api.w.org\/{rel}","templated":true}]}}