{"id":140719,"date":"2015-07-07T17:56:34","date_gmt":"2015-07-07T15:56:34","guid":{"rendered":"http:\/\/www.fuldaer-nachrichten.de\/?p=140719"},"modified":"2015-07-07T17:56:34","modified_gmt":"2015-07-07T15:56:34","slug":"jobsuche-im-internet-informationsveranstaltung-zur-jobboerse-am-14-juli","status":"publish","type":"post","link":"https:\/\/www.fuldaernachrichten.de\/?p=140719","title":{"rendered":"Jobsuche im Internet &#8211; Informationsveranstaltung zur Jobb\u00f6rse am 14. Juli"},"content":{"rendered":"<p>Wie finde ich mich in der virtuellen Jobb\u00f6rse der Arbeitsagentur zurecht? Welche Vorteile bietet sie? \u2013 Bei einer Informationsveranstaltung am Dienstag, 14. Juli, von 15 bis 16 Uhr erfahren Interessierte im Berufsinformationszentrums der Agentur f\u00fcr Arbeit in Bad Hersfeld (Vitalisstr.1) alles \u00fcber die Nutzungsm\u00f6glichkeiten der Jobb\u00f6rse der Arbeitsagentur. Nach einer Einf\u00fchrung haben die Teilnehmer die M\u00f6glichkeit, das Erlernte direkt in der Praxis auszuprobieren und in der Jobb\u00f6rse der Arbeitsagentur nach passenden Stellenangeboten zu suchen.<\/p>\n<p>Kontakt<br \/>\nTelefon:\u00c2\u00a0\u00c2\u00a0\u00c2\u00a0\u00c2\u00a0\u00c2\u00a0\u00c2\u00a0\u00c2\u00a0\u00c2\u00a0 06621 209 246<br \/>\nE-Mail:\u00c2\u00a0 BadHersfeld.BiZ@arbeitsagentur.de<\/p>\n","protected":false},"excerpt":{"rendered":"<div class=\"tmnf_excerpt\"><p>Wie finde ich mich in der virtuellen Jobb\u00f6rse der Arbeitsagentur zurecht? Welche Vorteile bietet sie? \u2013 Bei einer Informationsveranstaltung am Dienstag, 14. Juli, von 15 bis 16 Uhr erfahren Interessierte im Berufsinformationszentrums der Agentur f\u00fcr Arbeit in Bad Hersfeld (Vitalisstr.1) alles \u00fcber die Nutzungsm\u00f6glichkeiten der Jobb\u00f6rse der Arbeitsagentur. Nach einer Einf\u00fchrung haben die Teilnehmer die &hellip;<\/p>\n<\/div>","protected":false},"author":1,"featured_media":0,"comment_status":"closed","ping_status":"closed","sticky":false,"template":"","format":"standard","meta":{"footnotes":""},"categories":[1,53],"tags":[],"class_list":["post-140719","post","type-post","status-publish","format-standard","hentry","category-startseite","category-bildung"],"_links":{"self":[{"href":"https:\/\/www.fuldaernachrichten.de\/index.php?rest_route=\/wp\/v2\/posts\/140719","targetHints":{"allow":["GET"]}}],"collection":[{"href":"https:\/\/www.fuldaernachrichten.de\/index.php?rest_route=\/wp\/v2\/posts"}],"about":[{"href":"https:\/\/www.fuldaernachrichten.de\/index.php?rest_route=\/wp\/v2\/types\/post"}],"author":[{"embeddable":true,"href":"https:\/\/www.fuldaernachrichten.de\/index.php?rest_route=\/wp\/v2\/users\/1"}],"replies":[{"embeddable":true,"href":"https:\/\/www.fuldaernachrichten.de\/index.php?rest_route=%2Fwp%2Fv2%2Fcomments&post=140719"}],"version-history":[{"count":1,"href":"https:\/\/www.fuldaernachrichten.de\/index.php?rest_route=\/wp\/v2\/posts\/140719\/revisions"}],"predecessor-version":[{"id":140720,"href":"https:\/\/www.fuldaernachrichten.de\/index.php?rest_route=\/wp\/v2\/posts\/140719\/revisions\/140720"}],"wp:attachment":[{"href":"https:\/\/www.fuldaernachrichten.de\/index.php?rest_route=%2Fwp%2Fv2%2Fmedia&parent=140719"}],"wp:term":[{"taxonomy":"category","embeddable":true,"href":"https:\/\/www.fuldaernachrichten.de\/index.php?rest_route=%2Fwp%2Fv2%2Fcategories&post=140719"},{"taxonomy":"post_tag","embeddable":true,"href":"https:\/\/www.fuldaernachrichten.de\/index.php?rest_route=%2Fwp%2Fv2%2Ftags&post=140719"}],"curies":[{"name":"wp","href":"https:\/\/api.w.org\/{rel}","templated":true}]}}