{"id":140687,"date":"2015-07-07T06:38:03","date_gmt":"2015-07-07T04:38:03","guid":{"rendered":"http:\/\/www.fuldaer-nachrichten.de\/?p=140687"},"modified":"2015-07-07T06:38:03","modified_gmt":"2015-07-07T04:38:03","slug":"10-lauf-der-jugend-kart-slalom-meisterschaft-beim-msc-braach-e-v","status":"publish","type":"post","link":"https:\/\/www.fuldaernachrichten.de\/?p=140687","title":{"rendered":"10. Lauf der Jugend-Kart-Slalom-Meisterschaft beim MSC-Braach e.V."},"content":{"rendered":"<p>Die Jugendgruppe des MSC-Braach veranstaltet als Zeichen seiner steigenden Mitgliederzahl und deren Erfolge den 10. Lauf der ADAC-Hessen-Th\u00fcringen Meisterschaft der Gruppe Nord. Diese Jugend-Motorsportveranstaltung findet am Sonntag, 19. Juli auf dem Gel\u00e4nde der Firma Kirchner Solar Group in Alheim-Heinebach statt.<\/p>\n<p>Die Veranstaltung ist die zehnte und letzte Station in der es f\u00fcr den motorsportbegeisterten Nachwuchs des MSC-Braach um wertvolle Punkte f\u00fcr den Titel \u201eNordhessenmeister 2015\u201c und der Qualifikation f\u00fcr die ADAC-Bundesendl\u00e4ufe der Deutschen-Meisterschaft der DMSJ (Deutsche-Motor-Sport-Jugend) geht.<\/p>\n<p>Luca Nappi \u2013 in voller Konzentration<\/p>\n<p>Zwischenstand:<br \/>\nIn der aktuellen Gesamtwertung (nach 7 L\u00e4ufen) sind die Chancen f\u00fcr die weitere Qualifikation der jugendlichen Motorsportlern des MSC-Braach sehr gut. In der Klasse 2 positioniert sich Bianca Hahn auf den 5. Platz. Luca Nappi setzt sich als einer der Top-Favoriten in der Klasse 3 auf den 1. Platz. In der Klasse 4 positioniert sich Felix Arend auf den 7. Platz. Die erfahrensten Piloten Ciro Nappi und Marcel Bremicker positionieren sich auf den 3. und 5. Platz.<br \/>\nStartreihenfolge:<\/p>\n<p>Gestartet wird in 5 Altersklassen:<br \/>\nKlasse1 mit den Jahrg\u00e4ngen 2006\/2007: ab\u00c2\u00a0 09.00 Uhr<br \/>\nKlasse2 mit den Jahrg\u00e4ngen 2004\/2005: ca. 10.30 Uhr<br \/>\nKlasse3 mit den Jahrg\u00e4ngen 2002\/2003: ca. 12.00 Uhr<br \/>\nKlasse4 mit den Jahrg\u00e4ngen 2000\/2001: ca. 13.30 Uhr<br \/>\nKlasse5 mit den Jahrg\u00e4ngen 1998\/1999: ca. 15.00 Uhr<\/p>\n<p>Rennablauf:<br \/>\nVor dem eigentlichen Start sind noch formale Dinge wie z.B. die Nennung der Teilnehmer und die Auslosung der Startreihenfolge pro Klasse durchzuf\u00fchren. Zugelassen k\u00f6nnen nur Fahrer werden die regelgem\u00e4\u00df gekleidet sind (Overall, Vollvisierhelm, festes Schuhwerk und geschlossene Handschuhe).<\/p>\n<p>Unmittelbar vor dem Start einer jeden Klasse wird der Parcours von den Teilnehmern gemeinsam mit ihrem Coach durchlaufen, um sich zum einen die Streckenf\u00fchrung genau einzupr\u00e4gen und zum anderen die Ideallinie zu finden. Der Streckenaufbau ist auf Geschicklichkeit und Reaktionsf\u00e4higkeit der Teilnehmer ausgelegt. F\u00fcr umgefahrene Pylonen oder ausgelassene Figuren gibt es entsprechend dem ADAC-Reglement Strafsekunden, die zur Fahrzeit dazu gez\u00e4hlt werden. Daher ist der Parcours in k\u00fcrzester Zeit m\u00f6glichst fehlerfrei zu absolvieren. Jeder Teilnehmer durchl\u00e4uft einen Trainingslauf und zwei Wertungsl\u00e4ufe.<\/p>\n<p>Zuschauer sind herzlich willkommen!<\/p>\n","protected":false},"excerpt":{"rendered":"<div class=\"tmnf_excerpt\"><p>Die Jugendgruppe des MSC-Braach veranstaltet als Zeichen seiner steigenden Mitgliederzahl und deren Erfolge den 10. Lauf der ADAC-Hessen-Th\u00fcringen Meisterschaft der Gruppe Nord. Diese Jugend-Motorsportveranstaltung findet am Sonntag, 19. Juli auf dem Gel\u00e4nde der Firma Kirchner Solar Group in Alheim-Heinebach statt. Die Veranstaltung ist die zehnte und letzte Station in der es f\u00fcr den motorsportbegeisterten Nachwuchs &hellip;<\/p>\n<\/div>","protected":false},"author":1,"featured_media":0,"comment_status":"closed","ping_status":"closed","sticky":false,"template":"","format":"standard","meta":{"footnotes":""},"categories":[1,35,72,46],"tags":[],"class_list":["post-140687","post","type-post","status-publish","format-standard","hentry","category-startseite","category-auto","category-jugend","category-sport"],"_links":{"self":[{"href":"https:\/\/www.fuldaernachrichten.de\/index.php?rest_route=\/wp\/v2\/posts\/140687","targetHints":{"allow":["GET"]}}],"collection":[{"href":"https:\/\/www.fuldaernachrichten.de\/index.php?rest_route=\/wp\/v2\/posts"}],"about":[{"href":"https:\/\/www.fuldaernachrichten.de\/index.php?rest_route=\/wp\/v2\/types\/post"}],"author":[{"embeddable":true,"href":"https:\/\/www.fuldaernachrichten.de\/index.php?rest_route=\/wp\/v2\/users\/1"}],"replies":[{"embeddable":true,"href":"https:\/\/www.fuldaernachrichten.de\/index.php?rest_route=%2Fwp%2Fv2%2Fcomments&post=140687"}],"version-history":[{"count":1,"href":"https:\/\/www.fuldaernachrichten.de\/index.php?rest_route=\/wp\/v2\/posts\/140687\/revisions"}],"predecessor-version":[{"id":140688,"href":"https:\/\/www.fuldaernachrichten.de\/index.php?rest_route=\/wp\/v2\/posts\/140687\/revisions\/140688"}],"wp:attachment":[{"href":"https:\/\/www.fuldaernachrichten.de\/index.php?rest_route=%2Fwp%2Fv2%2Fmedia&parent=140687"}],"wp:term":[{"taxonomy":"category","embeddable":true,"href":"https:\/\/www.fuldaernachrichten.de\/index.php?rest_route=%2Fwp%2Fv2%2Fcategories&post=140687"},{"taxonomy":"post_tag","embeddable":true,"href":"https:\/\/www.fuldaernachrichten.de\/index.php?rest_route=%2Fwp%2Fv2%2Ftags&post=140687"}],"curies":[{"name":"wp","href":"https:\/\/api.w.org\/{rel}","templated":true}]}}