{"id":140683,"date":"2015-07-07T06:37:20","date_gmt":"2015-07-07T04:37:20","guid":{"rendered":"http:\/\/www.fuldaer-nachrichten.de\/?p=140683"},"modified":"2015-07-07T06:37:20","modified_gmt":"2015-07-07T04:37:20","slug":"alle-tueren-stehen-auf-sups-zum-probepaddeln","status":"publish","type":"post","link":"https:\/\/www.fuldaernachrichten.de\/?p=140683","title":{"rendered":"Alle T\u00fcren stehen auf &#8211; SUPs zum Probepaddeln"},"content":{"rendered":"<p><a href=\"http:\/\/www.fuldaer-nachrichten.de\/wp-content\/uploads\/2015\/07\/Stand-Up-Paddeln.jpg\"><img decoding=\"async\" class=\"alignleft size-thumbnail wp-image-140685\" src=\"http:\/\/www.fuldaer-nachrichten.de\/wp-content\/uploads\/2015\/07\/Stand-Up-Paddeln-265x176.jpg\" alt=\"Stand-Up-Paddeln\" width=\"265\" height=\"176\" srcset=\"https:\/\/www.fuldaernachrichten.de\/wp-content\/uploads\/2015\/07\/Stand-Up-Paddeln-265x176.jpg 265w, https:\/\/www.fuldaernachrichten.de\/wp-content\/uploads\/2015\/07\/Stand-Up-Paddeln-600x399.jpg 600w, https:\/\/www.fuldaernachrichten.de\/wp-content\/uploads\/2015\/07\/Stand-Up-Paddeln.jpg 900w\" sizes=\"(max-width: 265px) 100vw, 265px\" \/><\/a>Im Laufe der Kanu-Saison gibt es 2 High-Lights des Kanu-Sportes in Osthessen: Die Fulda-Kanu-Rennen im M\u00e4rz und den Tag der offenen Bootshaust\u00fcr in den Sommermonaten. Nun ist es endlich soweit, der Tag der offenen Bootshaust\u00fcr findet am 19.07.2015 am Bootshaus im Justus-Schneider-Weg statt.<\/p>\n<p>Von 11.00 bis 18.00 Uhr kann man Probepaddeln und vor allem die Trendsportart SUP &#8220;erfahren&#8221;. SUP steht f\u00fcr Stand-Up-Paddeln und wird im Stehen, mit einem Stechpaddel, auf einem ca. 3,8 m langen Board ausge\u00fcbt. Das Team von SUP Fulda stellt den ganzen Tag eine Auswahl seiner Boards zum Testen bereit (http:\/\/www.sup-guide.de\/).<\/p>\n<p>Eine Attraktion f\u00fcr jung und alt ist auch das Kartonbootrennen der Fuldaer Kanu Jugend. Dank der Unterst\u00fctzung der Firma DS Smith Packaging k\u00f6nnen wieder bis zu 30 Teams mit Material f\u00fcr die Boote versorgt werden. Der Bau der Boote startet morgens um 09.00 Uhr, das Rennen ist um 14.00 Uhr geplant. Anmeldungen f\u00fcr das Kartonbootrennen werden bis zum 17.07.2015 per Mail entgegen genommen &#8211; Kanu-Jugend@kanu-club-fulda.de.<\/p>\n<p>Und sollte es so hei\u00df sein, wie in diesen Tagen, empfehlen die Paddler unbedingt den gewagten Sprung von der Kanu-Rutsche.<\/p>\n<p>Das Motto des Tages der offenen Bootshaust\u00fcr ist &#8220;patschnass, aber Spa\u00df&#8221;, daher ist Wechselkleidung unbedingt erforderlich!<\/p>\n<p>Nat\u00fcrlich werden die Kanuten auch f\u00fcr k\u00fchle Getr\u00e4nke und Verpflegung sorgen, damit die K\u00fcche zu Hause kalt bleiben kann. Hier unterst\u00fctzen die Firmen F\u00f6rstina und die Fleischerei Ulrich Knittel. Auch Kaffee und Kuchenspezialit\u00e4ten stehen bereit.<\/p>\n","protected":false},"excerpt":{"rendered":"<div class=\"tmnf_excerpt\"><p>Im Laufe der Kanu-Saison gibt es 2 High-Lights des Kanu-Sportes in Osthessen: Die Fulda-Kanu-Rennen im M\u00e4rz und den Tag der offenen Bootshaust\u00fcr in den Sommermonaten. Nun ist es endlich soweit, der Tag der offenen Bootshaust\u00fcr findet am 19.07.2015 am Bootshaus im Justus-Schneider-Weg statt. Von 11.00 bis 18.00 Uhr kann man Probepaddeln und vor allem die &hellip;<\/p>\n<\/div>","protected":false},"author":1,"featured_media":140684,"comment_status":"closed","ping_status":"closed","sticky":false,"template":"","format":"standard","meta":{"footnotes":""},"categories":[1,72,46],"tags":[],"class_list":["post-140683","post","type-post","status-publish","format-standard","has-post-thumbnail","hentry","category-startseite","category-jugend","category-sport"],"_links":{"self":[{"href":"https:\/\/www.fuldaernachrichten.de\/index.php?rest_route=\/wp\/v2\/posts\/140683","targetHints":{"allow":["GET"]}}],"collection":[{"href":"https:\/\/www.fuldaernachrichten.de\/index.php?rest_route=\/wp\/v2\/posts"}],"about":[{"href":"https:\/\/www.fuldaernachrichten.de\/index.php?rest_route=\/wp\/v2\/types\/post"}],"author":[{"embeddable":true,"href":"https:\/\/www.fuldaernachrichten.de\/index.php?rest_route=\/wp\/v2\/users\/1"}],"replies":[{"embeddable":true,"href":"https:\/\/www.fuldaernachrichten.de\/index.php?rest_route=%2Fwp%2Fv2%2Fcomments&post=140683"}],"version-history":[{"count":1,"href":"https:\/\/www.fuldaernachrichten.de\/index.php?rest_route=\/wp\/v2\/posts\/140683\/revisions"}],"predecessor-version":[{"id":140686,"href":"https:\/\/www.fuldaernachrichten.de\/index.php?rest_route=\/wp\/v2\/posts\/140683\/revisions\/140686"}],"wp:featuredmedia":[{"embeddable":true,"href":"https:\/\/www.fuldaernachrichten.de\/index.php?rest_route=\/wp\/v2\/media\/140684"}],"wp:attachment":[{"href":"https:\/\/www.fuldaernachrichten.de\/index.php?rest_route=%2Fwp%2Fv2%2Fmedia&parent=140683"}],"wp:term":[{"taxonomy":"category","embeddable":true,"href":"https:\/\/www.fuldaernachrichten.de\/index.php?rest_route=%2Fwp%2Fv2%2Fcategories&post=140683"},{"taxonomy":"post_tag","embeddable":true,"href":"https:\/\/www.fuldaernachrichten.de\/index.php?rest_route=%2Fwp%2Fv2%2Ftags&post=140683"}],"curies":[{"name":"wp","href":"https:\/\/api.w.org\/{rel}","templated":true}]}}