{"id":140603,"date":"2015-07-04T10:05:21","date_gmt":"2015-07-04T08:05:21","guid":{"rendered":"http:\/\/www.fuldaer-nachrichten.de\/?p=140603"},"modified":"2015-07-04T10:05:21","modified_gmt":"2015-07-04T08:05:21","slug":"bundeswettbewerb-der-deutschen-jugendfeuerwehr-auf-kreisebene-in-petersberg-steinau-jugendfeuerwehr-petersberg-steinau-raeumte-wieder-ab","status":"publish","type":"post","link":"https:\/\/www.fuldaernachrichten.de\/?p=140603","title":{"rendered":"Bundeswettbewerb der Deutschen Jugendfeuerwehr auf Kreisebene in Petersberg-Steinau &#8211; Jugendfeuerwehr Petersberg-Steinau r\u00e4umte wieder ab!"},"content":{"rendered":"<p>\u201e1 1 2\u201c, das sangen die Jugendfeuerwehrmitglieder aus Petersberg-Steinau am Nachmittag des 20. Juni 2015 zur Siegerehrung des Bundeswettbewerbes der Deutschen Jugendfeuerwehr auf Kreisebene in Petersberg-Steinau. Zum wiederholten Mal holten die M\u00e4dchenmannschaft und die beiden gemischten Gruppen aus Steinau den ersten und zweiten Platz. Die Jugendfeuerwehr H\u00fcnfeld-Rudolphshan wurde Kreissieger bei der neu eingef\u00fchrten Staffelwertung.<\/p>\n<p>Insgesamt 34 Mannschaften starteten den Kreisentscheid im Bundeswettbewerb am Sportplatz in Petersberg-Steinau. Dabei f\u00fchren die Jugendlichen einheitliche Disziplinen nach den Richtlinien der Deutschen Jugendfeuerwehr vor und k\u00f6nnen sich bis zum Wettbewerb auf Bundesebene qualifizieren. Alle Mannschaften traten in einer St\u00e4rke von neun (Gruppenst\u00e4rke) bzw. sechs (L\u00f6schstaffel) Jugendlichen an. Der Wettkampf bestand aus dem sogenannten A- und B-Teil, die von den Wertungsrichtern der Kreisjugendfeuerwehr Fulda unter der Leitung von Juliane Braun genauestens bewertet wurden.<\/p>\n<p>Der A-Teil besteht aus einem L\u00f6schangriff nach Feuerwehrdienstvorschrift. Alle zwei Jahre abwechselnd erfolgt die Wasserentnahme entweder aus einem Hydranten oder aus einem offenen Gew\u00e4sser. Dieses Jahr wurde die Wasserentnahme aus einem Hydranten gepr\u00fcft, die mit Hilfe eines Standrohres erfolgte. Danach musste die Schlauchleitung \u00fcber einen markierten Wassergraben zum Verteiler gelegt werden. Von hier aus wurden die Schl\u00e4uche in verschiedene Richtungen ausgelegt. Bei einer Gruppe mussten drei Schlauchleitungen verlegt werden, bei einer Staffel zwei Schlauchleitungen. Anschlie\u00dfend wurden Befehle von einzelnen Jugendfeuerwehrmitgliedern gegeben. Nach dem Befehl \u201eWasser marsch!\u201c\u00c2\u00a0 wurden die H\u00e4hne am Verteiler schnell aufgedreht und nach dem Befehl \u201eWasser halt!\u201c wieder geschlossen. Aufgrund der Unfallgefahr wird jedoch nie mit Wasser ge\u00fcbt. Allerdings m\u00fcssen alle Handgriffe wie bei einem richtigen Einsatz genau sitzen. Der B-Teil besteht aus einer 400-Meter Hindernisstrecke, die von den Jugendfeuerwehrmitgliedern durchlaufen werden muss. Dabei gibt es verschiedene Aufgaben zu absolvieren. Unter anderem muss ein Feuerwehrschlauch gerollt werden oder ein Knoten an ein Strahlrohr gebunden werden. Die letzte Aufgabe besteht darin die Feuerwehrleine durch zwei Stangen ins Ziel zuwerfen. Die Zeit je nach Durchschnittsalter spielt dabei eine wichtige Rolle, aber auch die Fehlerpunkte bei den zu erledigenden Aufgaben.<\/p>\n<p>Zahlreiche Ehreng\u00e4ste aus dem Bereich Politik und Feuerwehr konnten von Kreisjugendfeuerwehrwart Steffen Hohmann zur Siegerehrung begr\u00fc\u00dft werden und staunten \u00fcber die sehr guten Leistungen der Jugendfeuerwehren.<\/p>\n<p>Erster Kreisbeigeordneter Dr. Heiko Wingenfeld \u00fcberbrachte herzliche Gr\u00fc\u00dfe von Landrat Bernd Woide. Alle teilnehmenden Mannschaften haben an diesem Tag Ausdauer unter Beweis gestellt. Dazu z\u00e4hlt sowohl sportliches Verm\u00f6gen als auch feuerwehrtaktisches K\u00f6nnen. Das ist eine gro\u00dfartige Leistung und zudem sehr erfreulich, dass insgesamt 34 Mannschaften teilgenommen haben. Dies ist ein Zeichen wie stark die Jugendfeuerwehren im Landkreis Fulda sind. Anschlie\u00dfend bedankte er sich beim Ausrichter Petersberg-Steinau f\u00fcr die Ausrichtung der Veranstaltung. B\u00fcrgermeister Karl-Josef Schwiddessen wei\u00df, dass die Jugendlichen schon seit morgens im Einsatz waren um so eine tolle Leistung zu erbringen und freute sich, dass es so viele junge Leute gibt, die den Weg zur Feuerwehr finden. Dazu geh\u00f6rt nat\u00fcrlich auch, dass es auf der anderen Seite Leute gibt, die dies als Betreuer erm\u00f6glichen. Alle Jugendlichen haben eine tolle Leistung gezeigt und die Sieger d\u00fcrfen sich hier nat\u00fcrlich besonders freuen. An dieser Stelle gilt ein gro\u00dfer Dank an die Jugendlichen und auch die Betreuer, ohne die diese Leistung nicht m\u00f6glich w\u00e4re. Steinaus Ortsvorsteher Winfried Sch\u00e4fer erz\u00e4hlte, dass alle teilnehmenden Jugendlichen, allein dadurch, dass sie an der Veranstaltung teilgenommen haben Sieger sind und damit gezeigt haben, dass sie f\u00fcr die \u00d6ffentlichkeit stehen und dass die Jugendlichen die Zukunft der Feuerwehr sind. Gesch\u00e4ftsf\u00fchrerin des Kreisfeuerwehrverbandes Fulda Julia Roeschies gratulierte herzlich, dass die jungen Menschen gemeinschaftlich in der Gruppe dazu beigetragen haben, den A-Teil und B-Teil erfolgreich zu bestehen. Genau das macht Feuerwehr aus: Kameradschaft und Miteinander und sie hofft somit, dass alle Jugendlichen weiterhin viel Spa\u00df bei der Feuerwehr haben werden. Zum Schluss dr\u00fcckte sie den Jugendlichen die Daumen, dass der eine oder andere mit auf den Landesentscheid oder auf den Osthessencup fahren darf.<\/p>\n<p>Kreisjugendfeuerwehrwart Steffen Hohmann, Wettbewerbsleiterin Juliane Braun, sowie die Feuerwehr Petersberg-Steinau waren mit dem Ablauf der Veranstaltung sehr zufrieden.<\/p>\n<p>Platzierungsreihenfolge<\/p>\n<p>Gemischte bzw. Jungen &#8211; Mannschaften:<br \/>\nPlatz\u00c2\u00a0\u00c2\u00a0 \u00c2\u00a0Jugendfeuerwehr\u00c2\u00a0\u00c2\u00a0 \u00c2\u00a0\u00c2\u00a0\u00c2\u00a0 \u00c2\u00a0\u00c2\u00a0\u00c2\u00a0 \u00c2\u00a0\u00c2\u00a0\u00c2\u00a0 \u00c2\u00a0\u00c2\u00a0\u00c2\u00a0 \u00c2\u00a0Punkte\u00c2\u00a0\u00c2\u00a0 \u00c2\u00a0Qualifizierung<br \/>\n1.\u00c2\u00a0\u00c2\u00a0 \u00c2\u00a0Petersberg-Steinau 1\u00c2\u00a0\u00c2\u00a0 \u00c2\u00a0\u00c2\u00a0\u00c2\u00a0 \u00c2\u00a0\u00c2\u00a0\u00c2\u00a0 \u00c2\u00a0\u00c2\u00a0\u00c2\u00a0 \u00c2\u00a01434\u00c2\u00a0\u00c2\u00a0 \u00c2\u00a0\u00c2\u00a0\u00c2\u00a0 \u00c2\u00a0Landesentscheid<br \/>\n2.\u00c2\u00a0\u00c2\u00a0 \u00c2\u00a0Petersberg-Steinau 3\u00c2\u00a0\u00c2\u00a0 \u00c2\u00a0\u00c2\u00a0\u00c2\u00a0 \u00c2\u00a0\u00c2\u00a0\u00c2\u00a0 \u00c2\u00a0\u00c2\u00a0\u00c2\u00a0 \u00c2\u00a01421\u00c2\u00a0\u00c2\u00a0 \u00c2\u00a0\u00c2\u00a0\u00c2\u00a0 \u00c2\u00a0Osthessencup<br \/>\n3.\u00c2\u00a0\u00c2\u00a0 \u00c2\u00a0Eiterfeld-Leimbach\u00c2\u00a0\u00c2\u00a0 \u00c2\u00a0\u00c2\u00a0\u00c2\u00a0 \u00c2\u00a0\u00c2\u00a0\u00c2\u00a0 \u00c2\u00a0\u00c2\u00a0\u00c2\u00a0 \u00c2\u00a0\u00c2\u00a0\u00c2\u00a0 \u00c2\u00a01396,9\u00c2\u00a0\u00c2\u00a0 \u00c2\u00a0Osthessencup<br \/>\n4.\u00c2\u00a0\u00c2\u00a0 \u00c2\u00a0H\u00fcnfeld-Dammersbach\u00c2\u00a0\u00c2\u00a0 \u00c2\u00a0\u00c2\u00a0\u00c2\u00a0 \u00c2\u00a0\u00c2\u00a0\u00c2\u00a0 \u00c2\u00a0\u00c2\u00a0\u00c2\u00a0 \u00c2\u00a01393\u00c2\u00a0\u00c2\u00a0 \u00c2\u00a0\u00c2\u00a0\u00c2\u00a0 \u00c2\u00a0Osthessencup<br \/>\n5.\u00c2\u00a0\u00c2\u00a0 \u00c2\u00a0H\u00fcnfeld-Mackenzell\/ Molzbach\u00c2\u00a0\u00c2\u00a0 \u00c2\u00a0\u00c2\u00a0\u00c2\u00a0 \u00c2\u00a0\u00c2\u00a0\u00c2\u00a0 \u00c2\u00a01393\u00c2\u00a0\u00c2\u00a0 \u00c2\u00a0\u00c2\u00a0\u00c2\u00a0 \u00c2\u00a0Osthessencup<br \/>\n6.\u00c2\u00a0\u00c2\u00a0 \u00c2\u00a0Flieden-Buchenrod\u00c2\u00a0\u00c2\u00a0 \u00c2\u00a0\u00c2\u00a0\u00c2\u00a0 \u00c2\u00a0\u00c2\u00a0\u00c2\u00a0 \u00c2\u00a0\u00c2\u00a0\u00c2\u00a0 \u00c2\u00a0\u00c2\u00a0\u00c2\u00a0 \u00c2\u00a01389<br \/>\n7.\u00c2\u00a0\u00c2\u00a0 \u00c2\u00a0H\u00fcnfeld-Kirchhasel\u00c2\u00a0\u00c2\u00a0 \u00c2\u00a0\u00c2\u00a0\u00c2\u00a0 \u00c2\u00a0\u00c2\u00a0\u00c2\u00a0 \u00c2\u00a0\u00c2\u00a0\u00c2\u00a0 \u00c2\u00a0\u00c2\u00a0\u00c2\u00a0 \u00c2\u00a01387<br \/>\n8.\u00c2\u00a0\u00c2\u00a0 \u00c2\u00a0Burghaun-Rothenkirchen\u00c2\u00a0\u00c2\u00a0 \u00c2\u00a0\u00c2\u00a0\u00c2\u00a0 \u00c2\u00a0\u00c2\u00a0\u00c2\u00a0 \u00c2\u00a0\u00c2\u00a0\u00c2\u00a0 \u00c2\u00a01385<br \/>\n9.\u00c2\u00a0\u00c2\u00a0 \u00c2\u00a0Ebersburg-Ried\u00c2\u00a0\u00c2\u00a0 \u00c2\u00a0\u00c2\u00a0\u00c2\u00a0 \u00c2\u00a0\u00c2\u00a0\u00c2\u00a0 \u00c2\u00a0\u00c2\u00a0\u00c2\u00a0 \u00c2\u00a0\u00c2\u00a0\u00c2\u00a0 \u00c2\u00a01383<br \/>\n10.\u00c2\u00a0\u00c2\u00a0 \u00c2\u00a0Eichenzell-Rothemann\u00c2\u00a0\u00c2\u00a0 \u00c2\u00a0\u00c2\u00a0\u00c2\u00a0 \u00c2\u00a0\u00c2\u00a0\u00c2\u00a0 \u00c2\u00a0\u00c2\u00a0\u00c2\u00a0 \u00c2\u00a01374<br \/>\n11.\u00c2\u00a0\u00c2\u00a0 \u00c2\u00a0Flieden-R\u00fcckers\u00c2\u00a0\u00c2\u00a0 \u00c2\u00a0\u00c2\u00a0\u00c2\u00a0 \u00c2\u00a0\u00c2\u00a0\u00c2\u00a0 \u00c2\u00a0\u00c2\u00a0\u00c2\u00a0 \u00c2\u00a0\u00c2\u00a0\u00c2\u00a0 \u00c2\u00a01374<br \/>\n12.\u00c2\u00a0\u00c2\u00a0 \u00c2\u00a0Bad Salzschlirf\u00c2\u00a0\u00c2\u00a0 \u00c2\u00a0\u00c2\u00a0\u00c2\u00a0 \u00c2\u00a0\u00c2\u00a0\u00c2\u00a0 \u00c2\u00a0\u00c2\u00a0\u00c2\u00a0 \u00c2\u00a0\u00c2\u00a0\u00c2\u00a0 \u00c2\u00a01359<br \/>\n13.\u00c2\u00a0\u00c2\u00a0 \u00c2\u00a0Flieden-Magdlos\u00c2\u00a0\u00c2\u00a0 \u00c2\u00a0\u00c2\u00a0\u00c2\u00a0 \u00c2\u00a0\u00c2\u00a0\u00c2\u00a0 \u00c2\u00a0\u00c2\u00a0\u00c2\u00a0 \u00c2\u00a0\u00c2\u00a0\u00c2\u00a0 \u00c2\u00a01358,7<br \/>\n14.\u00c2\u00a0\u00c2\u00a0 \u00c2\u00a0Eiterfeld-Dittlofrod\/K\u00f6rnbach\u00c2\u00a0\u00c2\u00a0 \u00c2\u00a0\u00c2\u00a0\u00c2\u00a0 \u00c2\u00a0\u00c2\u00a0\u00c2\u00a0 \u00c2\u00a01350<br \/>\n15.\u00c2\u00a0\u00c2\u00a0 \u00c2\u00a0H\u00fcnfeld-Michelsrombach\u00c2\u00a0\u00c2\u00a0 \u00c2\u00a0\u00c2\u00a0\u00c2\u00a0 \u00c2\u00a0\u00c2\u00a0\u00c2\u00a0 \u00c2\u00a0\u00c2\u00a0\u00c2\u00a0 \u00c2\u00a01347<br \/>\n16.\u00c2\u00a0\u00c2\u00a0 \u00c2\u00a0Burghaun\u00c2\u00a0\u00c2\u00a0 \u00c2\u00a0\u00c2\u00a0\u00c2\u00a0 \u00c2\u00a0\u00c2\u00a0\u00c2\u00a0 \u00c2\u00a0\u00c2\u00a0\u00c2\u00a0 \u00c2\u00a0\u00c2\u00a0\u00c2\u00a0 \u00c2\u00a0\u00c2\u00a0\u00c2\u00a0 \u00c2\u00a01335<br \/>\n17.\u00c2\u00a0\u00c2\u00a0 \u00c2\u00a0Marktgemeinde Burghaun\u00c2\u00a0\u00c2\u00a0 \u00c2\u00a0\u00c2\u00a0\u00c2\u00a0 \u00c2\u00a0\u00c2\u00a0\u00c2\u00a0 \u00c2\u00a0\u00c2\u00a0\u00c2\u00a0 \u00c2\u00a01322,0<br \/>\n18.\u00c2\u00a0\u00c2\u00a0 \u00c2\u00a0H\u00fcnfeld-Gro\u00dfenbach\u00c2\u00a0\u00c2\u00a0 \u00c2\u00a0\u00c2\u00a0\u00c2\u00a0 \u00c2\u00a0\u00c2\u00a0\u00c2\u00a0 \u00c2\u00a0\u00c2\u00a0\u00c2\u00a0 \u00c2\u00a01310<br \/>\n19.\u00c2\u00a0\u00c2\u00a0 \u00c2\u00a0Gersfeld-Hettenhausen\u00c2\u00a0\u00c2\u00a0 \u00c2\u00a0\u00c2\u00a0\u00c2\u00a0 \u00c2\u00a0\u00c2\u00a0\u00c2\u00a0 \u00c2\u00a0\u00c2\u00a0\u00c2\u00a0 \u00c2\u00a01297<br \/>\n20.\u00c2\u00a0\u00c2\u00a0 \u00c2\u00a0Eiterfeld-Gro\u00dfentaft 2\u00c2\u00a0\u00c2\u00a0 \u00c2\u00a0\u00c2\u00a0\u00c2\u00a0 \u00c2\u00a0\u00c2\u00a0\u00c2\u00a0 \u00c2\u00a0\u00c2\u00a0\u00c2\u00a0 \u00c2\u00a01279<br \/>\n21.\u00c2\u00a0\u00c2\u00a0 \u00c2\u00a0Eiterfeld-Gro\u00dfentaft 1\u00c2\u00a0\u00c2\u00a0 \u00c2\u00a0\u00c2\u00a0\u00c2\u00a0 \u00c2\u00a0\u00c2\u00a0\u00c2\u00a0 \u00c2\u00a0\u00c2\u00a0\u00c2\u00a0 \u00c2\u00a01258<br \/>\n22.\u00c2\u00a0\u00c2\u00a0 \u00c2\u00a0Marktgemeinde Eiterfeld 2 (Eiterfeld-Arzell) \u00c2\u00a0\u00c2\u00a0 \u00c2\u00a01258<br \/>\n23.\u00c2\u00a0\u00c2\u00a0 \u00c2\u00a0Eiterfeld-Ufhausen\u00c2\u00a0\u00c2\u00a0 \u00c2\u00a0\u00c2\u00a0\u00c2\u00a0 \u00c2\u00a0\u00c2\u00a0\u00c2\u00a0 \u00c2\u00a0\u00c2\u00a0\u00c2\u00a0 \u00c2\u00a0\u00c2\u00a0\u00c2\u00a0 \u00c2\u00a01237,4<br \/>\n24.\u00c2\u00a0\u00c2\u00a0 \u00c2\u00a0Eiterfeld-Leibolz 1\u00c2\u00a0\u00c2\u00a0 \u00c2\u00a0\u00c2\u00a0\u00c2\u00a0 \u00c2\u00a0\u00c2\u00a0\u00c2\u00a0 \u00c2\u00a0\u00c2\u00a0\u00c2\u00a0 \u00c2\u00a0\u00c2\u00a0\u00c2\u00a0 \u00c2\u00a00<\/p>\n<p>M\u00e4dchen &#8211; Mannschaften:<br \/>\nPlatz\u00c2\u00a0\u00c2\u00a0 \u00c2\u00a0Jugendfeuerwehr\u00c2\u00a0\u00c2\u00a0 \u00c2\u00a0\u00c2\u00a0\u00c2\u00a0 \u00c2\u00a0\u00c2\u00a0\u00c2\u00a0 \u00c2\u00a0Punkte\u00c2\u00a0\u00c2\u00a0 \u00c2\u00a0Qualifizierung<br \/>\n1.\u00c2\u00a0\u00c2\u00a0 \u00c2\u00a0Petersberg-Steinau\u00c2\u00a0\u00c2\u00a0 \u00c2\u00a0\u00c2\u00a0\u00c2\u00a0 \u00c2\u00a0\u00c2\u00a0\u00c2\u00a0 \u00c2\u00a01427\u00c2\u00a0\u00c2\u00a0 \u00c2\u00a0\u00c2\u00a0\u00c2\u00a0 \u00c2\u00a0Landesentscheid<br \/>\n2.\u00c2\u00a0\u00c2\u00a0 \u00c2\u00a0Eiterfeld-Leimbach\u00c2\u00a0\u00c2\u00a0 \u00c2\u00a0\u00c2\u00a0\u00c2\u00a0 \u00c2\u00a0\u00c2\u00a0\u00c2\u00a0 \u00c2\u00a01392\u00c2\u00a0\u00c2\u00a0 \u00c2\u00a0\u00c2\u00a0\u00c2\u00a0 \u00c2\u00a0Osthessencup<br \/>\n3.\u00c2\u00a0\u00c2\u00a0 \u00c2\u00a0H\u00fcnfeld-Malges\u00c2\u00a0\u00c2\u00a0 \u00c2\u00a0\u00c2\u00a0\u00c2\u00a0 \u00c2\u00a0\u00c2\u00a0\u00c2\u00a0 \u00c2\u00a01345<\/p>\n<p>Staffel &#8211; Wertung:<br \/>\nPlatz\u00c2\u00a0\u00c2\u00a0 \u00c2\u00a0Jugendfeuerwehr\u00c2\u00a0\u00c2\u00a0 \u00c2\u00a0\u00c2\u00a0\u00c2\u00a0 \u00c2\u00a0\u00c2\u00a0\u00c2\u00a0 \u00c2\u00a0\u00c2\u00a0\u00c2\u00a0 \u00c2\u00a0\u00c2\u00a0\u00c2\u00a0 \u00c2\u00a0Punkte\u00c2\u00a0\u00c2\u00a0 \u00c2\u00a0Qualifizierung<br \/>\n1.\u00c2\u00a0\u00c2\u00a0 \u00c2\u00a0H\u00fcnfeld &#8211; Rudolphshan Jungen\u00c2\u00a0\u00c2\u00a0 \u00c2\u00a0\u00c2\u00a0\u00c2\u00a0 \u00c2\u00a0\u00c2\u00a0\u00c2\u00a0 \u00c2\u00a01.361\u00c2\u00a0\u00c2\u00a0 \u00c2\u00a0\u00c2\u00a0\u00c2\u00a0 \u00c2\u00a0Landesentscheid<br \/>\n2.\u00c2\u00a0\u00c2\u00a0 \u00c2\u00a0H\u00fcnfeld &#8211; Ro\u00dfbach\u00c2\u00a0\u00c2\u00a0 \u00c2\u00a0\u00c2\u00a0\u00c2\u00a0 \u00c2\u00a0\u00c2\u00a0\u00c2\u00a0 \u00c2\u00a0\u00c2\u00a0\u00c2\u00a0 \u00c2\u00a0\u00c2\u00a0\u00c2\u00a0 \u00c2\u00a01.355\u00c2\u00a0\u00c2\u00a0 \u00c2\u00a0\u00c2\u00a0\u00c2\u00a0 \u00c2\u00a0Osthessencup<br \/>\n3.\u00c2\u00a0\u00c2\u00a0 \u00c2\u00a0Flieden &#8211; Stork\u00c2\u00a0\u00c2\u00a0 \u00c2\u00a0\u00c2\u00a0\u00c2\u00a0 \u00c2\u00a0\u00c2\u00a0\u00c2\u00a0 \u00c2\u00a0\u00c2\u00a0\u00c2\u00a0 \u00c2\u00a0\u00c2\u00a0\u00c2\u00a0 \u00c2\u00a01.351\u00c2\u00a0\u00c2\u00a0 \u00c2\u00a0\u00c2\u00a0\u00c2\u00a0 \u00c2\u00a0Osthessencup<br \/>\n4.\u00c2\u00a0\u00c2\u00a0 \u00c2\u00a0H\u00fcnfeld &#8211; Malges\u00c2\u00a0\u00c2\u00a0 \u00c2\u00a0\u00c2\u00a0\u00c2\u00a0 \u00c2\u00a0\u00c2\u00a0\u00c2\u00a0 \u00c2\u00a0\u00c2\u00a0\u00c2\u00a0 \u00c2\u00a0\u00c2\u00a0\u00c2\u00a0 \u00c2\u00a01.348<br \/>\n5.\u00c2\u00a0\u00c2\u00a0 \u00c2\u00a0Petersberg &#8211; Steinhaus\u00c2\u00a0\u00c2\u00a0 \u00c2\u00a0\u00c2\u00a0\u00c2\u00a0 \u00c2\u00a0\u00c2\u00a0\u00c2\u00a0 \u00c2\u00a0\u00c2\u00a0\u00c2\u00a0 \u00c2\u00a01.340<br \/>\n6.\u00c2\u00a0\u00c2\u00a0 \u00c2\u00a0H\u00fcnfeld &#8211; Rudolphshan M\u00e4dchen\u00c2\u00a0\u00c2\u00a0 \u00c2\u00a0\u00c2\u00a0\u00c2\u00a0 \u00c2\u00a0\u00c2\u00a0\u00c2\u00a0 \u00c2\u00a01.311<br \/>\n7.\u00c2\u00a0\u00c2\u00a0 \u00c2\u00a0Marktgemeinde Eiterfeld 4 (Eiterfeld &#8211; Arzell)\u00c2\u00a0\u00c2\u00a0 \u00c2\u00a01.247<\/p>\n","protected":false},"excerpt":{"rendered":"<div class=\"tmnf_excerpt\"><p>\u201e1 1 2\u201c, das sangen die Jugendfeuerwehrmitglieder aus Petersberg-Steinau am Nachmittag des 20. Juni 2015 zur Siegerehrung des Bundeswettbewerbes der Deutschen Jugendfeuerwehr auf Kreisebene in Petersberg-Steinau. Zum wiederholten Mal holten die M\u00e4dchenmannschaft und die beiden gemischten Gruppen aus Steinau den ersten und zweiten Platz. Die Jugendfeuerwehr H\u00fcnfeld-Rudolphshan wurde Kreissieger bei der neu eingef\u00fchrten Staffelwertung. Insgesamt &hellip;<\/p>\n<\/div>","protected":false},"author":1,"featured_media":140605,"comment_status":"closed","ping_status":"closed","sticky":false,"template":"","format":"gallery","meta":{"footnotes":""},"categories":[1,71,72],"tags":[],"class_list":["post-140603","post","type-post","status-publish","format-gallery","has-post-thumbnail","hentry","category-startseite","category-feuerwehr","category-jugend","post_format-post-format-gallery"],"_links":{"self":[{"href":"https:\/\/www.fuldaernachrichten.de\/index.php?rest_route=\/wp\/v2\/posts\/140603","targetHints":{"allow":["GET"]}}],"collection":[{"href":"https:\/\/www.fuldaernachrichten.de\/index.php?rest_route=\/wp\/v2\/posts"}],"about":[{"href":"https:\/\/www.fuldaernachrichten.de\/index.php?rest_route=\/wp\/v2\/types\/post"}],"author":[{"embeddable":true,"href":"https:\/\/www.fuldaernachrichten.de\/index.php?rest_route=\/wp\/v2\/users\/1"}],"replies":[{"embeddable":true,"href":"https:\/\/www.fuldaernachrichten.de\/index.php?rest_route=%2Fwp%2Fv2%2Fcomments&post=140603"}],"version-history":[{"count":1,"href":"https:\/\/www.fuldaernachrichten.de\/index.php?rest_route=\/wp\/v2\/posts\/140603\/revisions"}],"predecessor-version":[{"id":140626,"href":"https:\/\/www.fuldaernachrichten.de\/index.php?rest_route=\/wp\/v2\/posts\/140603\/revisions\/140626"}],"wp:featuredmedia":[{"embeddable":true,"href":"https:\/\/www.fuldaernachrichten.de\/index.php?rest_route=\/wp\/v2\/media\/140605"}],"wp:attachment":[{"href":"https:\/\/www.fuldaernachrichten.de\/index.php?rest_route=%2Fwp%2Fv2%2Fmedia&parent=140603"}],"wp:term":[{"taxonomy":"category","embeddable":true,"href":"https:\/\/www.fuldaernachrichten.de\/index.php?rest_route=%2Fwp%2Fv2%2Fcategories&post=140603"},{"taxonomy":"post_tag","embeddable":true,"href":"https:\/\/www.fuldaernachrichten.de\/index.php?rest_route=%2Fwp%2Fv2%2Ftags&post=140603"}],"curies":[{"name":"wp","href":"https:\/\/api.w.org\/{rel}","templated":true}]}}