{"id":140520,"date":"2015-07-02T20:23:32","date_gmt":"2015-07-02T18:23:32","guid":{"rendered":"http:\/\/www.fuldaer-nachrichten.de\/?p=140520"},"modified":"2015-07-02T20:23:32","modified_gmt":"2015-07-02T18:23:32","slug":"bundeskanzlerin-dr-angela-merkel-eroeffnet-11-deutschen-seniorentag-2015","status":"publish","type":"post","link":"https:\/\/www.fuldaernachrichten.de\/?p=140520","title":{"rendered":"Bundeskanzlerin Dr. Angela Merkel er\u00f6ffnet 11. Deutschen Seniorentag 2015"},"content":{"rendered":"<p>Die Erfahrungen \u00e4lterer Menschen sind f\u00fcr die gesamte Gesellschaft von existentieller Bedeutung, erkl\u00e4rte die Bundeskanzlerin Dr. Angela Merkel bei der Er\u00f6ffnung des 11. Deutschen Seniorentages am 2. Juli 2015 in Frankfurt am Main. Seniorinnen und Senioren seien jedoch auch aufgefordert, sich eine Offenheit f\u00fcr Neues zu bewahren. Eine Gesellschaft k\u00f6nne nur menschlich sein, wenn alle Generationen sich gegenseitig ernst n\u00e4hmen und unterst\u00fctzten, betonte die Bundeskanzlerin.<\/p>\n<p>Im Rahmen des 11. Deutschen Seniorentages werden vom 2. bis 4. Juli bis zu 20.000 Besucherinnen und Besucher erwartet. Veranstalter ist die Bundesarbeitsgemeinschaft der Senioren-Organisationen (BAGSO), deren Vorsitzende Prof. Dr. Ursula Lehr die G\u00e4ste im Congress Center Messe Frankfurt vor der Ansprache der Kanzlerin begr\u00fc\u00dfte.<\/p>\n<p>Im Anschluss an die Begr\u00fc\u00dfungsworte richteten der Oberb\u00fcrgermeister der Stadt Frankfurt am Main, Peter Feldmann, und der Hessische Minister f\u00fcr Soziales und Integration, Stefan Gr\u00fcttner, Gru\u00dfworte an die Besucher und Besucherinnen. Beide betonten, dass es wichtig sei, nicht f\u00fcr und \u00fcber \u00e4ltere Menschen zu entscheiden. Seniorenpolitik m\u00fcsse bei dem ansetzen, was Seniorinnen und Senioren selbst wollen.<\/p>\n<p>Bereits am fr\u00fchen Vormittag hatte die Bundesministerin f\u00fcr Familie, Senioren, Frauen und Jugend, Manuela Schwesig, die begleitende Messe SenNova er\u00f6ffnet. Gemeinsam mit Ursula Lehr pr\u00e4mierte sie die Sieger des Karikaturenwettbewerbs \u201eSchluss mit lustig?\u201c. Mehr als 900 Karikaturen waren bei dem gemeinsam mit der BAGSO durchgef\u00fchrten Wettbewerb eingereicht worden. \u201eDas Altwerden \u00e4ndert sich, und damit m\u00fcssen sich auch die Bilder \u00e4ndern, die wir uns vom Altwerden machen. Das beste Mittel gegen Vorurteile \u00fcber das Alter oder \u00fcber die Jugend ist, miteinander zu reden&#8221;, erkl\u00e4rte die Ministerin.<\/p>\n<p>Auf der Messe SenNova, die in der 10.000 qm gro\u00dfen Halle 5.1. stattfindet, k\u00f6nnen sich die Besucherinnen und Besucher \u00fcber innovative Dienstleistungen und Produkte informieren und zahlreiche Tests machen. Neben Unternehmen pr\u00e4sentieren auch Bundes- und Landesministerien sowie Verb\u00e4nde ihre Angebote rund ums \u00c4lterwerden.<\/p>\n","protected":false},"excerpt":{"rendered":"<div class=\"tmnf_excerpt\"><p>Die Erfahrungen \u00e4lterer Menschen sind f\u00fcr die gesamte Gesellschaft von existentieller Bedeutung, erkl\u00e4rte die Bundeskanzlerin Dr. Angela Merkel bei der Er\u00f6ffnung des 11. Deutschen Seniorentages am 2. Juli 2015 in Frankfurt am Main. Seniorinnen und Senioren seien jedoch auch aufgefordert, sich eine Offenheit f\u00fcr Neues zu bewahren. Eine Gesellschaft k\u00f6nne nur menschlich sein, wenn alle &hellip;<\/p>\n<\/div>","protected":false},"author":1,"featured_media":0,"comment_status":"closed","ping_status":"closed","sticky":false,"template":"","format":"standard","meta":{"footnotes":""},"categories":[1],"tags":[],"class_list":["post-140520","post","type-post","status-publish","format-standard","hentry","category-startseite"],"_links":{"self":[{"href":"https:\/\/www.fuldaernachrichten.de\/index.php?rest_route=\/wp\/v2\/posts\/140520","targetHints":{"allow":["GET"]}}],"collection":[{"href":"https:\/\/www.fuldaernachrichten.de\/index.php?rest_route=\/wp\/v2\/posts"}],"about":[{"href":"https:\/\/www.fuldaernachrichten.de\/index.php?rest_route=\/wp\/v2\/types\/post"}],"author":[{"embeddable":true,"href":"https:\/\/www.fuldaernachrichten.de\/index.php?rest_route=\/wp\/v2\/users\/1"}],"replies":[{"embeddable":true,"href":"https:\/\/www.fuldaernachrichten.de\/index.php?rest_route=%2Fwp%2Fv2%2Fcomments&post=140520"}],"version-history":[{"count":1,"href":"https:\/\/www.fuldaernachrichten.de\/index.php?rest_route=\/wp\/v2\/posts\/140520\/revisions"}],"predecessor-version":[{"id":140521,"href":"https:\/\/www.fuldaernachrichten.de\/index.php?rest_route=\/wp\/v2\/posts\/140520\/revisions\/140521"}],"wp:attachment":[{"href":"https:\/\/www.fuldaernachrichten.de\/index.php?rest_route=%2Fwp%2Fv2%2Fmedia&parent=140520"}],"wp:term":[{"taxonomy":"category","embeddable":true,"href":"https:\/\/www.fuldaernachrichten.de\/index.php?rest_route=%2Fwp%2Fv2%2Fcategories&post=140520"},{"taxonomy":"post_tag","embeddable":true,"href":"https:\/\/www.fuldaernachrichten.de\/index.php?rest_route=%2Fwp%2Fv2%2Ftags&post=140520"}],"curies":[{"name":"wp","href":"https:\/\/api.w.org\/{rel}","templated":true}]}}