{"id":140511,"date":"2015-07-02T13:28:14","date_gmt":"2015-07-02T11:28:14","guid":{"rendered":"http:\/\/www.fuldaer-nachrichten.de\/?p=140511"},"modified":"2015-07-02T13:28:14","modified_gmt":"2015-07-02T11:28:14","slug":"informationsveranstaltung-am-klinikum-fulda-tag-der-pflegenden-angehoerigen","status":"publish","type":"post","link":"https:\/\/www.fuldaernachrichten.de\/?p=140511","title":{"rendered":"Informationsveranstaltung am Klinikum Fulda:  Tag der Pflegenden Angeh\u00f6rigen"},"content":{"rendered":"<p>Am 11.07.2015 veranstaltet das Patienten-Beratungs-Zentrum einen \u201eTag der Pflegenden Angeh\u00f6rigen\u201c, von 10.00 bis 16.00 Uhr f\u00fcr alle Interessierte.<\/p>\n<p>Der Gro\u00dfteil der Pflegebed\u00fcrftigen in Deutschland wird zu Hause gepflegt. Dies sind ca. 1,9 Millionen Menschen bzw. 71%, wie die Wochenzeitung DIE ZEIT im M\u00e4rz dieses Jahres berichtete. Damit ist nach Eugen Brysch (Vorstand Deutsche Stiftung Patientenschutz) die Familie der gr\u00f6\u00dfte \u201ePflegedienst\u201c in Deutschland.<\/p>\n<p>Das Patienten-Beratungs-Zentrum des Klinikums Fulda veranstaltet daher mit Unterst\u00fctzung verschiedener Kooperations-partner erstmals einen \u201eTag f\u00fcr Pflegende Angeh\u00f6rige\u201c. \u201eWir wollen praktische Tipps zur Pflege zu Hause geben. Gleichzeitig k\u00f6nnen sich interessierte Besucher \u00fcber M\u00f6glichkeiten der Hilfe und Unterst\u00fctzung im Rahmen der h\u00e4uslichen Pflege informieren &#8211; angefangen von den Krankenkassen, der Pflegeberatung durch den Pflegest\u00fctzpunkt Fulda und privaten Pflegeberatung Compass, bis hin zur station\u00e4ren Pflege\u201c, so Prof. Dr. Roland Radziwill, Direktor der Apotheke und des Patienten-Beratungs-Zentrums.<\/p>\n","protected":false},"excerpt":{"rendered":"<div class=\"tmnf_excerpt\"><p>Am 11.07.2015 veranstaltet das Patienten-Beratungs-Zentrum einen \u201eTag der Pflegenden Angeh\u00f6rigen\u201c, von 10.00 bis 16.00 Uhr f\u00fcr alle Interessierte. Der Gro\u00dfteil der Pflegebed\u00fcrftigen in Deutschland wird zu Hause gepflegt. Dies sind ca. 1,9 Millionen Menschen bzw. 71%, wie die Wochenzeitung DIE ZEIT im M\u00e4rz dieses Jahres berichtete. Damit ist nach Eugen Brysch (Vorstand Deutsche Stiftung Patientenschutz) &hellip;<\/p>\n<\/div>","protected":false},"author":1,"featured_media":0,"comment_status":"closed","ping_status":"closed","sticky":false,"template":"","format":"standard","meta":{"footnotes":""},"categories":[51],"tags":[],"class_list":["post-140511","post","type-post","status-publish","format-standard","hentry","category-medizin"],"_links":{"self":[{"href":"https:\/\/www.fuldaernachrichten.de\/index.php?rest_route=\/wp\/v2\/posts\/140511","targetHints":{"allow":["GET"]}}],"collection":[{"href":"https:\/\/www.fuldaernachrichten.de\/index.php?rest_route=\/wp\/v2\/posts"}],"about":[{"href":"https:\/\/www.fuldaernachrichten.de\/index.php?rest_route=\/wp\/v2\/types\/post"}],"author":[{"embeddable":true,"href":"https:\/\/www.fuldaernachrichten.de\/index.php?rest_route=\/wp\/v2\/users\/1"}],"replies":[{"embeddable":true,"href":"https:\/\/www.fuldaernachrichten.de\/index.php?rest_route=%2Fwp%2Fv2%2Fcomments&post=140511"}],"version-history":[{"count":1,"href":"https:\/\/www.fuldaernachrichten.de\/index.php?rest_route=\/wp\/v2\/posts\/140511\/revisions"}],"predecessor-version":[{"id":140516,"href":"https:\/\/www.fuldaernachrichten.de\/index.php?rest_route=\/wp\/v2\/posts\/140511\/revisions\/140516"}],"wp:attachment":[{"href":"https:\/\/www.fuldaernachrichten.de\/index.php?rest_route=%2Fwp%2Fv2%2Fmedia&parent=140511"}],"wp:term":[{"taxonomy":"category","embeddable":true,"href":"https:\/\/www.fuldaernachrichten.de\/index.php?rest_route=%2Fwp%2Fv2%2Fcategories&post=140511"},{"taxonomy":"post_tag","embeddable":true,"href":"https:\/\/www.fuldaernachrichten.de\/index.php?rest_route=%2Fwp%2Fv2%2Ftags&post=140511"}],"curies":[{"name":"wp","href":"https:\/\/api.w.org\/{rel}","templated":true}]}}