{"id":140489,"date":"2015-07-02T08:26:23","date_gmt":"2015-07-02T06:26:23","guid":{"rendered":"http:\/\/www.fuldaer-nachrichten.de\/?p=140489"},"modified":"2015-07-02T08:26:35","modified_gmt":"2015-07-02T06:26:35","slug":"praxisluft-geschnuppert-%e2%80%a8-berufsorientierung-fuer-siebtklaessler-im-bbz-mitte-und-im-bbo","status":"publish","type":"post","link":"https:\/\/www.fuldaernachrichten.de\/?p=140489","title":{"rendered":"Praxisluft geschnuppert \u00e2\u20ac\u00a8- Berufsorientierung f\u00fcr Siebtkl\u00e4ssler im BBZ Mitte und im BBO"},"content":{"rendered":"<p>Vom Reifenwechsel \u00fcber das Errichten einer Wechselschaltung bis hin zum Anfertigen eines Werkst\u00fccks aus Metall: F\u00fcr rund 120 Hauptsch\u00fcler aus Stadt und Landkreis Fulda galt es, anl\u00e4sslich der Berufsorientierungswochen in den Werkst\u00e4tten des BBZ Mitte und des BBO verschiedene Handwerksberufe kennenzulernen.\u00c2\u00a0\u00c2\u00a0 \u00e2\u20ac\u00a8\u00e2\u20ac\u00a8Mit von der Partie waren Jugendliche der 7. Klassen der Don-Bosco-Schule, Bardoschule, Geschwister-Scholl-Schule, Mittelpunktschule und der Johannes-Kepler-Schule. Die Sch\u00fclerinnen und Sch\u00fcler nutzten die M\u00f6glichkeit, im BBZ Mitte Einblicke in die Fachbereiche B\u00fcrokommunikation, Elektro-, Metall-, Holz- und Fahrzeugtechnik sowie Altenpflege zu erhalten. Unter Federf\u00fchrung der Kreishandwerkerschaft wurden dar\u00fcber hinaus im benachbarten Bildungszentrum Bau Osthessen, kurz BBO, die Berufe Dachdecker, Maler und Lackierer, Zimmerer, Fliesenleger, Stuckateur, Anlagenmechaniker f\u00fcr Sanit\u00e4r-, Heiz-, und Klimatechnik, Fris\u00f6r sowie Hochbaufacharbeiter vorgestellt.\u00e2\u20ac\u00a8Die jungen Teilnehmer waren aufgefordert, aus diesen insgesamt 13 Gewerken vier Bereiche auszuw\u00e4hlen, um darin unter Anleitung eines Ausbilders erste Arbeitserfahrungen zu sammeln. Dazu erkl\u00e4rt Holger Sch\u00f6ppner, Koordinator der Berufsorientierung im BBZ Mitte: \u201eW\u00e4hrend der zweiw\u00f6chigen Veranstaltung bereiten wir die Jugendlichen auf ihr anstehendes Betriebspraktikum vor und bieten ihnen erste Einblicke in die sp\u00e4tere Arbeitswelt. Dabei entwickeln die Sch\u00fcler unter anderem ein Gesp\u00fcr f\u00fcr den korrekten Umgang mit Werkstoffen und die Kommunikation mit den Mitmenschen.<\/p>\n<p>Zum Bild: In der Fahrzeugwerkstatt des BBZ Mitte: Die Teilnehmer der Berufsorientierung mit Ausbilder J\u00fcrgen Sch\u00e4fer.<\/p>\n","protected":false},"excerpt":{"rendered":"<div class=\"tmnf_excerpt\"><p>Vom Reifenwechsel \u00fcber das Errichten einer Wechselschaltung bis hin zum Anfertigen eines Werkst\u00fccks aus Metall: F\u00fcr rund 120 Hauptsch\u00fcler aus Stadt und Landkreis Fulda galt es, anl\u00e4sslich der Berufsorientierungswochen in den Werkst\u00e4tten des BBZ Mitte und des BBO verschiedene Handwerksberufe kennenzulernen.\u00c2\u00a0\u00c2\u00a0 \u00e2\u20ac\u00a8\u00e2\u20ac\u00a8Mit von der Partie waren Jugendliche der 7. Klassen der Don-Bosco-Schule, Bardoschule, Geschwister-Scholl-Schule, Mittelpunktschule &hellip;<\/p>\n<\/div>","protected":false},"author":1,"featured_media":140490,"comment_status":"closed","ping_status":"closed","sticky":false,"template":"","format":"standard","meta":{"footnotes":""},"categories":[1,53],"tags":[],"class_list":["post-140489","post","type-post","status-publish","format-standard","has-post-thumbnail","hentry","category-startseite","category-bildung"],"_links":{"self":[{"href":"https:\/\/www.fuldaernachrichten.de\/index.php?rest_route=\/wp\/v2\/posts\/140489","targetHints":{"allow":["GET"]}}],"collection":[{"href":"https:\/\/www.fuldaernachrichten.de\/index.php?rest_route=\/wp\/v2\/posts"}],"about":[{"href":"https:\/\/www.fuldaernachrichten.de\/index.php?rest_route=\/wp\/v2\/types\/post"}],"author":[{"embeddable":true,"href":"https:\/\/www.fuldaernachrichten.de\/index.php?rest_route=\/wp\/v2\/users\/1"}],"replies":[{"embeddable":true,"href":"https:\/\/www.fuldaernachrichten.de\/index.php?rest_route=%2Fwp%2Fv2%2Fcomments&post=140489"}],"version-history":[{"count":1,"href":"https:\/\/www.fuldaernachrichten.de\/index.php?rest_route=\/wp\/v2\/posts\/140489\/revisions"}],"predecessor-version":[{"id":140491,"href":"https:\/\/www.fuldaernachrichten.de\/index.php?rest_route=\/wp\/v2\/posts\/140489\/revisions\/140491"}],"wp:featuredmedia":[{"embeddable":true,"href":"https:\/\/www.fuldaernachrichten.de\/index.php?rest_route=\/wp\/v2\/media\/140490"}],"wp:attachment":[{"href":"https:\/\/www.fuldaernachrichten.de\/index.php?rest_route=%2Fwp%2Fv2%2Fmedia&parent=140489"}],"wp:term":[{"taxonomy":"category","embeddable":true,"href":"https:\/\/www.fuldaernachrichten.de\/index.php?rest_route=%2Fwp%2Fv2%2Fcategories&post=140489"},{"taxonomy":"post_tag","embeddable":true,"href":"https:\/\/www.fuldaernachrichten.de\/index.php?rest_route=%2Fwp%2Fv2%2Ftags&post=140489"}],"curies":[{"name":"wp","href":"https:\/\/api.w.org\/{rel}","templated":true}]}}