{"id":140471,"date":"2015-07-01T14:02:32","date_gmt":"2015-07-01T12:02:32","guid":{"rendered":"http:\/\/www.fuldaer-nachrichten.de\/?p=140471"},"modified":"2015-07-01T14:02:39","modified_gmt":"2015-07-01T12:02:39","slug":"grosse-hr3-party-in-burghaun-huenhan","status":"publish","type":"post","link":"https:\/\/www.fuldaernachrichten.de\/?p=140471","title":{"rendered":"Gro\u00dfe \u201ehr3 Party\u201c in Burghaun-H\u00fcnhan"},"content":{"rendered":"<p>H\u00fcnhan zelebriert seinen 1200. Geburtstag, und hr3 feiert mit! Am Samstag, 4. Juli, steigt die gro\u00dfe \u201ehr3 Party\u201c auf der Truckb\u00fchne auf dem Dorfplatz in Burghaun-H\u00fcnhan (bei Regen im Festzelt). hr3-Moderator Peter Lack sorgt ab 21 Uhr f\u00fcr Partyspa\u00df pur. Die Tickets gibt es f\u00fcr f\u00fcnf Euro im Vorverkauf und f\u00fcr sechs Euro an der Abendkasse; weitere Infos auf www.hr3.de.<\/p>\n<p>Wer Lust auf puren Partyspa\u00df hat, sollte am Samstag zur \u201ehr3 Party\u201c kommen. hr3-Moderator Peter Lack steht auf der B\u00fchne und will alles geben: \u201eIch bin erst zufrieden, wenn sich die Partymenge heiser, verschwitzt und vor Freude berauscht in den Armen liegt.\u201c Musikalisch bleiben garantiert keine W\u00fcnsche offen: Von hei\u00df geliebten Partyklassikern bis hin zu aktuellen Hits hat Peter Lack alles dabei und sorgt f\u00fcr eine rauschende Partynacht.<\/p>\n<p>Peter Lack lebt und liebt das Medium Radio. Mit Preisen wie dem deutschen, dem europ\u00e4ischen oder auch dem internationalen Radiopreis mehrfach gekr\u00f6nt, moderiert er bei hr3 immer samstags von 14 bis 18 Uhr die Sendung \u201eDein Samstagnachmittag\u201c und kennt sich in der Welt der Promis au\u00dferdem bestens aus. So hat sein \u201eSchnack mit Lack\u201c Kultstatus bei den hr3-H\u00f6rern erreicht. Peter Lack ist aber nicht nur Moderator, Sprecher, Autor und Redakteur, sondern eben auch passionierter DJ und damit pr\u00e4destiniert f\u00fcr die \u201ehr3 Partys\u201c.<\/p>\n<p>\u201ehr3 Party\u201c in Burghaun-H\u00fcnhan<br \/>\nDatum: Samstag, 4. Juli<br \/>\nOrt: Truckb\u00fchne auf dem Dorfplatz an der Kirche (bei Regen im Festzelt), 36151 Burghaun-H\u00fcnhan<br \/>\nBeginn: 21 Uhr<br \/>\nEintritt: f\u00fcnf Euro (Vorverkauf), sechs Euro (Abendkasse)<\/p>\n","protected":false},"excerpt":{"rendered":"<div class=\"tmnf_excerpt\"><p>H\u00fcnhan zelebriert seinen 1200. Geburtstag, und hr3 feiert mit! Am Samstag, 4. Juli, steigt die gro\u00dfe \u201ehr3 Party\u201c auf der Truckb\u00fchne auf dem Dorfplatz in Burghaun-H\u00fcnhan (bei Regen im Festzelt). hr3-Moderator Peter Lack sorgt ab 21 Uhr f\u00fcr Partyspa\u00df pur. Die Tickets gibt es f\u00fcr f\u00fcnf Euro im Vorverkauf und f\u00fcr sechs Euro an der &hellip;<\/p>\n<\/div>","protected":false},"author":1,"featured_media":0,"comment_status":"closed","ping_status":"closed","sticky":false,"template":"","format":"standard","meta":{"footnotes":""},"categories":[1,44],"tags":[],"class_list":["post-140471","post","type-post","status-publish","format-standard","hentry","category-startseite","category-kultur"],"_links":{"self":[{"href":"https:\/\/www.fuldaernachrichten.de\/index.php?rest_route=\/wp\/v2\/posts\/140471","targetHints":{"allow":["GET"]}}],"collection":[{"href":"https:\/\/www.fuldaernachrichten.de\/index.php?rest_route=\/wp\/v2\/posts"}],"about":[{"href":"https:\/\/www.fuldaernachrichten.de\/index.php?rest_route=\/wp\/v2\/types\/post"}],"author":[{"embeddable":true,"href":"https:\/\/www.fuldaernachrichten.de\/index.php?rest_route=\/wp\/v2\/users\/1"}],"replies":[{"embeddable":true,"href":"https:\/\/www.fuldaernachrichten.de\/index.php?rest_route=%2Fwp%2Fv2%2Fcomments&post=140471"}],"version-history":[{"count":1,"href":"https:\/\/www.fuldaernachrichten.de\/index.php?rest_route=\/wp\/v2\/posts\/140471\/revisions"}],"predecessor-version":[{"id":140472,"href":"https:\/\/www.fuldaernachrichten.de\/index.php?rest_route=\/wp\/v2\/posts\/140471\/revisions\/140472"}],"wp:attachment":[{"href":"https:\/\/www.fuldaernachrichten.de\/index.php?rest_route=%2Fwp%2Fv2%2Fmedia&parent=140471"}],"wp:term":[{"taxonomy":"category","embeddable":true,"href":"https:\/\/www.fuldaernachrichten.de\/index.php?rest_route=%2Fwp%2Fv2%2Fcategories&post=140471"},{"taxonomy":"post_tag","embeddable":true,"href":"https:\/\/www.fuldaernachrichten.de\/index.php?rest_route=%2Fwp%2Fv2%2Ftags&post=140471"}],"curies":[{"name":"wp","href":"https:\/\/api.w.org\/{rel}","templated":true}]}}