{"id":140408,"date":"2015-07-01T08:25:50","date_gmt":"2015-07-01T06:25:50","guid":{"rendered":"http:\/\/www.fuldaer-nachrichten.de\/?p=140408"},"modified":"2015-07-01T08:25:50","modified_gmt":"2015-07-01T06:25:50","slug":"jugendfreizeit-nach-pahlen-noch-plaetze-frei","status":"publish","type":"post","link":"https:\/\/www.fuldaernachrichten.de\/?p=140408","title":{"rendered":"Jugendfreizeit nach Pahlen: Noch Pl\u00e4tze frei"},"content":{"rendered":"<p>Die Katholische junge Gemeinde Fulda (KjG) veranstaltet in den Sommerferien vom 15. \u2013 26. August eine integrative Jugendfreizeit f\u00fcr 13 \u2013 17 J\u00e4hrige auf Schloss Pahlen in Schleswig-Holstein. Die Freizeit steht unter dem Motto \u201eFilm\u201c und neben Ausfl\u00fcgen an die Nordsee und in einen Freizeitpark, stehen auch kreative Workshops und Spielideen auf dem Programm. Eine Anmeldung ist noch bei der KjG Di\u00f6zesanstelle, Tel. 0661-87462 oder kjg@bistum-fulda.de m\u00f6glich. Die Teilnehmendengeb\u00fchr betr\u00e4gt f\u00fcr Mitglieder der KjG 290 \u00e2\u201a\u00ac und f\u00fcr Nichtmitglieder 310 \u00e2\u201a\u00ac. Eine gemeinsame An- und Abreise findet von Fulda ausgehend statt. Weitere Informationen auch unter www.kjg-fulda.de.<\/p>\n","protected":false},"excerpt":{"rendered":"<div class=\"tmnf_excerpt\"><p>Die Katholische junge Gemeinde Fulda (KjG) veranstaltet in den Sommerferien vom 15. \u2013 26. August eine integrative Jugendfreizeit f\u00fcr 13 \u2013 17 J\u00e4hrige auf Schloss Pahlen in Schleswig-Holstein. Die Freizeit steht unter dem Motto \u201eFilm\u201c und neben Ausfl\u00fcgen an die Nordsee und in einen Freizeitpark, stehen auch kreative Workshops und Spielideen auf dem Programm. Eine &hellip;<\/p>\n<\/div>","protected":false},"author":1,"featured_media":140413,"comment_status":"closed","ping_status":"closed","sticky":false,"template":"","format":"standard","meta":{"footnotes":""},"categories":[1,72,50],"tags":[],"class_list":["post-140408","post","type-post","status-publish","format-standard","has-post-thumbnail","hentry","category-startseite","category-jugend","category-kirche"],"_links":{"self":[{"href":"https:\/\/www.fuldaernachrichten.de\/index.php?rest_route=\/wp\/v2\/posts\/140408","targetHints":{"allow":["GET"]}}],"collection":[{"href":"https:\/\/www.fuldaernachrichten.de\/index.php?rest_route=\/wp\/v2\/posts"}],"about":[{"href":"https:\/\/www.fuldaernachrichten.de\/index.php?rest_route=\/wp\/v2\/types\/post"}],"author":[{"embeddable":true,"href":"https:\/\/www.fuldaernachrichten.de\/index.php?rest_route=\/wp\/v2\/users\/1"}],"replies":[{"embeddable":true,"href":"https:\/\/www.fuldaernachrichten.de\/index.php?rest_route=%2Fwp%2Fv2%2Fcomments&post=140408"}],"version-history":[{"count":1,"href":"https:\/\/www.fuldaernachrichten.de\/index.php?rest_route=\/wp\/v2\/posts\/140408\/revisions"}],"predecessor-version":[{"id":140414,"href":"https:\/\/www.fuldaernachrichten.de\/index.php?rest_route=\/wp\/v2\/posts\/140408\/revisions\/140414"}],"wp:featuredmedia":[{"embeddable":true,"href":"https:\/\/www.fuldaernachrichten.de\/index.php?rest_route=\/wp\/v2\/media\/140413"}],"wp:attachment":[{"href":"https:\/\/www.fuldaernachrichten.de\/index.php?rest_route=%2Fwp%2Fv2%2Fmedia&parent=140408"}],"wp:term":[{"taxonomy":"category","embeddable":true,"href":"https:\/\/www.fuldaernachrichten.de\/index.php?rest_route=%2Fwp%2Fv2%2Fcategories&post=140408"},{"taxonomy":"post_tag","embeddable":true,"href":"https:\/\/www.fuldaernachrichten.de\/index.php?rest_route=%2Fwp%2Fv2%2Ftags&post=140408"}],"curies":[{"name":"wp","href":"https:\/\/api.w.org\/{rel}","templated":true}]}}