{"id":140329,"date":"2015-06-25T06:53:37","date_gmt":"2015-06-25T04:53:37","guid":{"rendered":"http:\/\/www.fuldaer-nachrichten.de\/?p=140329"},"modified":"2015-06-24T16:55:06","modified_gmt":"2015-06-24T14:55:06","slug":"avd-oldtimer-grand-prix-2015-jaguar-feiert-80-jaehriges-markenjubilaeum-unter-dem-motto-the-art-of-performance","status":"publish","type":"post","link":"https:\/\/www.fuldaernachrichten.de\/?p=140329","title":{"rendered":"AvD Oldtimer-Grand-Prix 2015: Jaguar feiert 80-j\u00e4hriges Markenjubil\u00e4um unter dem Motto &#8220;The Art of Performance&#8221;"},"content":{"rendered":"<p><strong><a href=\"http:\/\/www.fuldaer-nachrichten.de\/wp-content\/uploads\/2015\/06\/Jaguar_Stand_OGP_2014_5862.jpg\"><img decoding=\"async\" class=\"alignleft size-thumbnail wp-image-140331\" src=\"http:\/\/www.fuldaer-nachrichten.de\/wp-content\/uploads\/2015\/06\/Jaguar_Stand_OGP_2014_5862-265x177.jpg\" alt=\"Jaguar_Stand_OGP_2014_5862\" width=\"265\" height=\"177\" srcset=\"https:\/\/www.fuldaernachrichten.de\/wp-content\/uploads\/2015\/06\/Jaguar_Stand_OGP_2014_5862-265x177.jpg 265w, https:\/\/www.fuldaernachrichten.de\/wp-content\/uploads\/2015\/06\/Jaguar_Stand_OGP_2014_5862-600x400.jpg 600w, https:\/\/www.fuldaernachrichten.de\/wp-content\/uploads\/2015\/06\/Jaguar_Stand_OGP_2014_5862.jpg 900w\" sizes=\"(max-width: 265px) 100vw, 265px\" \/><\/a>Jaguar blickt in diesem Jahr auf seine 80-j\u00e4hrige Markengeschichte zur\u00fcck. Grund genug, im Rahmen des 43. AvD Oldtimer-Grand-Prix (7.-9. August) eine rauschende Geburtstagsparty zu feiern &#8211; entsprechend dem Jaguar Markenclaim &#8220;The Art of Performance&#8221;. Dabei stehen auf dem offenen Jaguar Areal Klassiker und brandneue Modelle gleicherma\u00dfen im Mittelpunkt. Auf dem Grand Prix-Kurs des N\u00fcrburgrings startet der einzige internationale Lauf der neuen Jaguar Heritage Challenge. In dem 40 Minuten langen Rennen treten Jaguar Oldtimer vor Baujahr 1965 in f\u00fcnf Klassen gegeneinander an. Premiere feiert auch der Jahrgang 2016 der Luxuslimousine Jaguar XJ sowie die neue Generation Jaguar XF &#8211; die erfolgreiche Limousine der oberen Mittelklasse wird im Oktober diesen Jahres im Markt eingef\u00fchrt. Auch Car No.1 des von Jaguar Land Rover Special Vehicle Operations nach Originalpl\u00e4nen gebauten Jaguar E-TYPE Lightweight sowie die Serienversion des nur 250 Mal gebauten F-TYPE Project 7 feiern ihr Deb\u00fct im Jaguar Village an der Coca-Cola-Kurve. Live-Moderationen, Autogrammstunden mit Jaguar Markenbotschaftern und VIPs, ein stilvoller Hospitality-Bereich mit Gourmet Catering, Infost\u00e4nden zu den Heritage Aktivit\u00e4ten und der Verkauf von Accessoires runden das Festtagsprogramm ab. Auch die Schwestermarke Land Rover ist erstmals mit dabei: Range Rover feiert 45-j\u00e4hriges Jubil\u00e4um, dazu werden das &#8220;Abschiedsmodell&#8221; des Land Rover Defender und das neue Land Rover Heritage Programm pr\u00e4sentiert.\u00c2\u00a0<\/strong><\/p>\n<p>Im Mittelpunkt der Ausstellung zum 80-j\u00e4hrigen Jaguar Markenjubil\u00e4um, die dem Markenclaim &#8220;The Art of Performance&#8221; folgt, stehen Preziosen wie der legend\u00e4re Vorkriegs-Sportwagen SS100, die unter anderem vom Wiesbadener Peter Lindner und D\u00fcsseldorfer Peter N\u00f6cker gesteuerte Rennlimousine Jaguar Mark II oder der Jaguar XJ-S. Auf dem f\u00fcr alle Besucher frei zug\u00e4nglichen und rund 3.000 m<sup>2<\/sup> gro\u00dfen Freigel\u00e4nde an der Coca-Cola-Kurve pr\u00e4sentiert Jaguar dar\u00fcber hinaus das erste Modell der sechs Original Nachbauten des legend\u00e4ren E-TYPE Lightweight. Das Sextett erg\u00e4nzt nach \u00fcber 50 Jahren die urspr\u00fcnglich auf 18 Einheiten ausgelegte Serie eines &#8220;Special GT E-TYPE&#8221; um die noch fehlenden Modelle. Die vom Jaguar Land Rover Gesch\u00e4ftsbereich Special Vehicle Operations (SVO) nach Originalunterlagen neu aufgebauten Modelle in Voll-Aluminium-Bauweise erhalten demnach auch die f\u00fcr sie vorgesehenen Chassis-Nummern 13 bis 18.<\/p>\n<p>Neben der Neuauflage des legend\u00e4ren Aluminium-Racers aus dem Jahr 1963 feiern am N\u00fcrburgring drei weitere neue Modelle ihre Deutschland-Premiere:<\/p>\n<ul>\n<li>Die zweite Generation des XF bereichert ab Herbst das Businessklasse-Segment mit einer einzigartigen Mischung aus charismatischem Design, Luxus, Technologie und hoher Effizient, gepaart mit kompromissloser Dynamik und Kultiviertheit.<\/li>\n<\/ul>\n<ul>\n<li>Ebenfalls zu den H\u00e4ndlern rollt Ende des Jahres der Modelljahrgang 2016 des gro\u00dfen XJ. Zu dessen Technik-Highlights geh\u00f6ren das neue InControl Touch Pro Infotainment-System und ein digitales Meridian Reference Soundsystem mit 1.300 W Leistung und 26 Lautsprechern. Motorisches Highlight ist der auf 221 kW (300 PS) und 700 Nm Drehmoment gesteigerte 3.0 V6 Diesel.<\/li>\n<\/ul>\n<ul>\n<li>Nur 250 Mal gebaut hat Jaguar Land Rover SVO den F-TYPE Project 7. Nach dem Deb\u00fct des Prototyps 2014 feiert am N\u00fcrburgring nun erstmals die Serienversion des schon komplett ausverkauften Zweisitzers ihr dynamisches Debut. Als schnellstes Jaguar Serienmodell aller Zeiten wird der F-TYPE Project 7 von einem auf 423 kW (575 PS)* gesteigerten 5,0 Liter V8 Kompressor angetrieben. Damit erledigt der f\u00fcr Deutschland nur 20 Mal aufgelegte Supersportler den Sprint von 0 auf 100 km\/h in 3,9 Sekunden; die H\u00f6chstgeschwindigkeit ist auf 300 km\/h limitiert. Der aerodynamisch verkleidete &#8220;H\u00f6cker&#8221; hinter dem Fahrer ist neben der flachen &#8220;Speedster&#8221;-Scheibe das auff\u00e4lligste Designfeature &#8211; er zitiert den dreifachen Le Mans-Sieger Jaguar D-TYPE.<\/li>\n<\/ul>\n<p>Vom Jaguar Hospitality-Gel\u00e4nde aus k\u00f6nnen die Fans ihren Traumautos nicht nur blechnah begegnen, sondern auch das Geschehen auf dem Grand-Prix-Kurs aus idealer Position verfolgen. Besondere Aufmerksamkeit kommt dabei dem schon am Samstag (8. August) um 14:00 Uhr startenden Rennen zur neuen Jaguar Heritage Challenge zu. Der vorletzte von f\u00fcnf L\u00e4ufen ist der einzige au\u00dferhalb Englands und daher ein absolutes &#8220;Must&#8221; f\u00fcr alle Liebhaber klassischer Renn-Jaguar. In dem 40 Minuten langen Rennen (mit einem Pflichtstopp) treten Jaguar Oldtimer vor Baujahr 1965 in f\u00fcnf Klassen gegeneinander an: 1) XK120\/140\/150, 2) Mark I\/Mark II, 3) C-TYPE\/D-TYPE\/XKSS sowie 4) und 5) in zwei Kategorien f\u00fcr den E-TYPE.<\/p>\n<p>Abseits der Renn-Action l\u00e4dt das Jaguar Village mit einem hochwertigen Catering, Live-Moderationen mit Marken-Verantwortlichen und Prominenten sowie Autogrammstunden zu einem stimmungsvollen und entspannenden Boxenstopp ein. Erstmals beim Oldtimer-GP mit dabei ist auch die Jaguar Schwestermarke Land Rover: Zum Abschied des Defender ist das limitierte &#8220;Heritage&#8221;-Modell zu sehen, dazu Exponate aus Anlass des 45-j\u00e4hrigen Jubil\u00e4ums von Range Rover und Informationen zum in diesem Jahr neu aus der Taufe gehobenen Land Rover Heritage Programm.<\/p>\n","protected":false},"excerpt":{"rendered":"<div class=\"tmnf_excerpt\"><p>Jaguar blickt in diesem Jahr auf seine 80-j\u00e4hrige Markengeschichte zur\u00fcck. Grund genug, im Rahmen des 43. AvD Oldtimer-Grand-Prix (7.-9. August) eine rauschende Geburtstagsparty zu feiern &#8211; entsprechend dem Jaguar Markenclaim &#8220;The Art of Performance&#8221;. Dabei stehen auf dem offenen Jaguar Areal Klassiker und brandneue Modelle gleicherma\u00dfen im Mittelpunkt. Auf dem Grand Prix-Kurs des N\u00fcrburgrings startet &hellip;<\/p>\n<\/div>","protected":false},"author":1,"featured_media":140330,"comment_status":"closed","ping_status":"closed","sticky":false,"template":"","format":"standard","meta":{"footnotes":""},"categories":[1,35],"tags":[],"class_list":["post-140329","post","type-post","status-publish","format-standard","has-post-thumbnail","hentry","category-startseite","category-auto"],"_links":{"self":[{"href":"https:\/\/www.fuldaernachrichten.de\/index.php?rest_route=\/wp\/v2\/posts\/140329","targetHints":{"allow":["GET"]}}],"collection":[{"href":"https:\/\/www.fuldaernachrichten.de\/index.php?rest_route=\/wp\/v2\/posts"}],"about":[{"href":"https:\/\/www.fuldaernachrichten.de\/index.php?rest_route=\/wp\/v2\/types\/post"}],"author":[{"embeddable":true,"href":"https:\/\/www.fuldaernachrichten.de\/index.php?rest_route=\/wp\/v2\/users\/1"}],"replies":[{"embeddable":true,"href":"https:\/\/www.fuldaernachrichten.de\/index.php?rest_route=%2Fwp%2Fv2%2Fcomments&post=140329"}],"version-history":[{"count":1,"href":"https:\/\/www.fuldaernachrichten.de\/index.php?rest_route=\/wp\/v2\/posts\/140329\/revisions"}],"predecessor-version":[{"id":140332,"href":"https:\/\/www.fuldaernachrichten.de\/index.php?rest_route=\/wp\/v2\/posts\/140329\/revisions\/140332"}],"wp:featuredmedia":[{"embeddable":true,"href":"https:\/\/www.fuldaernachrichten.de\/index.php?rest_route=\/wp\/v2\/media\/140330"}],"wp:attachment":[{"href":"https:\/\/www.fuldaernachrichten.de\/index.php?rest_route=%2Fwp%2Fv2%2Fmedia&parent=140329"}],"wp:term":[{"taxonomy":"category","embeddable":true,"href":"https:\/\/www.fuldaernachrichten.de\/index.php?rest_route=%2Fwp%2Fv2%2Fcategories&post=140329"},{"taxonomy":"post_tag","embeddable":true,"href":"https:\/\/www.fuldaernachrichten.de\/index.php?rest_route=%2Fwp%2Fv2%2Ftags&post=140329"}],"curies":[{"name":"wp","href":"https:\/\/api.w.org\/{rel}","templated":true}]}}