{"id":140321,"date":"2015-06-30T05:37:51","date_gmt":"2015-06-30T03:37:51","guid":{"rendered":"http:\/\/www.fuldaer-nachrichten.de\/?p=140321"},"modified":"2015-06-24T15:38:20","modified_gmt":"2015-06-24T13:38:20","slug":"documenta-archiv-soll-wissenschaftliches-institut-werden","status":"publish","type":"post","link":"https:\/\/www.fuldaernachrichten.de\/?p=140321","title":{"rendered":"documenta-Archiv soll wissenschaftliches Institut werden"},"content":{"rendered":"<p>Wissenschafts- und Kunstminister Boris Rhein hat heute w\u00e4hrend der Plenardebatte um die W\u00fcrdigung des 60-j\u00e4hrigen Jubil\u00e4ums der Weltkunstausstellung erkl\u00e4rt, dass die Landesregierung einen documenta-bezogenen Forschungs-, Sammlungs- und Vermittlungsverbund, der der Einstieg in ein documenta-Institut ist, schaffen wird.<\/p>\n<p>Idee der documenta verstetigen<\/p>\n<p>Wissenschafts- und Kunstminister Boris Rhein: \u201eEs besteht immer die Gefahr eines schleichenden und dann nachhaltigen Bedeutungsverlustes, wenn die Idee der documenta und die damit verbundene Arbeit an den Fragen der documenta nicht am Ort der documenta verstetigt werden. Mit dem geplanten documenta-Institut wollen wir dem begegnen und gleichzeitig die Geschichte und den Erfolg der Weltkunstausstellung noch st\u00e4rker als bisher auch au\u00dferhalb der alle f\u00fcnf Jahre stattfindenden Ausstellungen erlebbar machen.\u201c<\/p>\n<p>Das Institut soll als au\u00dferuniversit\u00e4re wissenschaftliche Institution die Geschichte der documenta-Ausstellungen und die damit verbundenen Auswirkungen auf die internationale zeitgen\u00f6ssische Kunstgeschichte erforschen. Zudem soll das Institut dazu beitragen, das Erbe zu bewahren sowie dieses als Bildungsgut zu vermitteln. So besteht die Chance, das Thema documenta und Gegenwartskunst auch au\u00dferhalb der documenta-Jahre in Kassel durch Publikationen, Fachtagungen, Seminare, kunstp\u00e4dagogische Angebote und Ausstellungen verst\u00e4rkt zu pr\u00e4sentieren.<\/p>\n<p>documenta-Archiv als Basis<\/p>\n<p>Die Basis f\u00fcr ein solches documenta-Institut soll das documenta-Archiv bilden, das als Ged\u00e4chtnis der documenta gilt. In dem vor 54 Jahren gegr\u00fcndeten documenta Archiv werden alle Dokumente zu den jeweiligen Ausstellungen gesammelt und zug\u00e4nglich gemacht.<\/p>\n<p>\u201eDas Archiv ist ein unermesslicher Schatz, der gehoben und wissenschaftlich aufgearbeitet die documenta mit ihrer nun 60-j\u00e4hrigen Geschichte auch institutionell zu einem St\u00fcck Kunstgeschichte macht\u201c, so Wissenschafts- und Kunstminister Boris Rhein.<\/p>\n<p>500.000 Euro vom Land<\/p>\n<p>Um das Archiv zu einem wissenschaftlichen Institut weiterzuentwickeln, wird das derzeit bei der Stadt angesiedelte Archiv in die documenta GmbH \u00fcbergeleitet und mit Landesmitteln in H\u00f6he von 500.000 Euro j\u00e4hrlich zus\u00e4tzlich zu den Leistungen der Stadt Kassel ausgestattet.<\/p>\n<p>\u201eMit den zus\u00e4tzlichen Landesmitteln in H\u00f6he von 500.000 Euro j\u00e4hrlich ab 2016 k\u00f6nnen die bisher unzul\u00e4nglichen Arbeitsbedingungen im Archiv verbessert werden und Strukturen f\u00fcr die Entwicklung hin zu einem Institut gelegt werden. Damit unterst\u00fctzt die Landesregierung die documenta GmbH in den Jahren 2014 bis 2018 mit insgesamt 10,3 Millionen Euro und schafft so verl\u00e4ssliche Rahmenbedingungen f\u00fcr die documenta 14\u201c, erkl\u00e4rte Wissenschafts- und Kunstminister Boris Rhein.<\/p>\n<p>In einem ersten Schritt unterzeichnen daher Stadt und Land genau am Er\u00f6ffnungstag der ersten documenta vor 60 Jahren, am 15. Juli 2015, eine gemeinsame Vereinbarung zur \u00dcberleitung des Archivs in die documenta GmbH. Zudem hat das Land die bestehende documenta-Professur an der Kunsthochschule Kassel k\u00fcrzlich mit \u00fcber einer Million Euro um f\u00fcnf weitere Jahre verl\u00e4ngert und damit gesichert.<\/p>\n","protected":false},"excerpt":{"rendered":"<div class=\"tmnf_excerpt\"><p>Wissenschafts- und Kunstminister Boris Rhein hat heute w\u00e4hrend der Plenardebatte um die W\u00fcrdigung des 60-j\u00e4hrigen Jubil\u00e4ums der Weltkunstausstellung erkl\u00e4rt, dass die Landesregierung einen documenta-bezogenen Forschungs-, Sammlungs- und Vermittlungsverbund, der der Einstieg in ein documenta-Institut ist, schaffen wird. Idee der documenta verstetigen Wissenschafts- und Kunstminister Boris Rhein: \u201eEs besteht immer die Gefahr eines schleichenden und dann &hellip;<\/p>\n<\/div>","protected":false},"author":1,"featured_media":0,"comment_status":"closed","ping_status":"closed","sticky":false,"template":"","format":"standard","meta":{"footnotes":""},"categories":[1,44,29],"tags":[],"class_list":["post-140321","post","type-post","status-publish","format-standard","hentry","category-startseite","category-kultur","category-politik"],"_links":{"self":[{"href":"https:\/\/www.fuldaernachrichten.de\/index.php?rest_route=\/wp\/v2\/posts\/140321","targetHints":{"allow":["GET"]}}],"collection":[{"href":"https:\/\/www.fuldaernachrichten.de\/index.php?rest_route=\/wp\/v2\/posts"}],"about":[{"href":"https:\/\/www.fuldaernachrichten.de\/index.php?rest_route=\/wp\/v2\/types\/post"}],"author":[{"embeddable":true,"href":"https:\/\/www.fuldaernachrichten.de\/index.php?rest_route=\/wp\/v2\/users\/1"}],"replies":[{"embeddable":true,"href":"https:\/\/www.fuldaernachrichten.de\/index.php?rest_route=%2Fwp%2Fv2%2Fcomments&post=140321"}],"version-history":[{"count":1,"href":"https:\/\/www.fuldaernachrichten.de\/index.php?rest_route=\/wp\/v2\/posts\/140321\/revisions"}],"predecessor-version":[{"id":140322,"href":"https:\/\/www.fuldaernachrichten.de\/index.php?rest_route=\/wp\/v2\/posts\/140321\/revisions\/140322"}],"wp:attachment":[{"href":"https:\/\/www.fuldaernachrichten.de\/index.php?rest_route=%2Fwp%2Fv2%2Fmedia&parent=140321"}],"wp:term":[{"taxonomy":"category","embeddable":true,"href":"https:\/\/www.fuldaernachrichten.de\/index.php?rest_route=%2Fwp%2Fv2%2Fcategories&post=140321"},{"taxonomy":"post_tag","embeddable":true,"href":"https:\/\/www.fuldaernachrichten.de\/index.php?rest_route=%2Fwp%2Fv2%2Ftags&post=140321"}],"curies":[{"name":"wp","href":"https:\/\/api.w.org\/{rel}","templated":true}]}}