{"id":140313,"date":"2015-06-30T06:35:02","date_gmt":"2015-06-30T04:35:02","guid":{"rendered":"http:\/\/www.fuldaer-nachrichten.de\/?p=140313"},"modified":"2015-06-24T15:35:22","modified_gmt":"2015-06-24T13:35:22","slug":"hessische-landesregierung-unterstuetzt-spezielle-fruehfoerderangebote-fuer-sinnesgeschaedigte-kinder-beim-lwv-mit-870-000-euro","status":"publish","type":"post","link":"https:\/\/www.fuldaernachrichten.de\/?p=140313","title":{"rendered":"Hessische Landesregierung unterst\u00fctzt spezielle Fr\u00fchf\u00f6rderangebote f\u00fcr sinnesgesch\u00e4digte Kinder beim LWV mit 870.000 Euro"},"content":{"rendered":"<p>Einen F\u00f6rderbescheid in H\u00f6he von knapp 870.000 Euro hat der Staatssekret\u00e4r im Hessischen Ministerium f\u00fcr Soziales und Integration, Dr. Wolfgang Dippel, heute an Uwe Br\u00fcckmann, Landesdirektor des LWV Hessen \u00fcberreicht. Mit Hilfe der F\u00f6rdersumme werden\u00c2\u00a0 der LWV, die Blindenstudienanstalt Marburg und der Evangelische Regionalverband ihr\u00c2\u00a0 Angebot an spezieller Fr\u00fchf\u00f6rderung f\u00fcr sinnesgesch\u00e4digte Kinder weiterentwickeln.\u00c2\u00a0 Hoch spezialisierte und qualifizierte Mitarbeiterinnen und Mitarbeiter der Fr\u00fchberatungsstellen unterst\u00fctzen, beraten und begleiten die Eltern sinnesgesch\u00e4digter Kinder von deren Geburt bis zur Einschulung. F\u00fcr Staatssekret\u00e4r Dr. Dippel ist die Fr\u00fchf\u00f6rderung ein elementarer Bestandteil im System der fr\u00fchen Hilfen und nicht mehr wegzudenken: \u201eFr\u00fchf\u00f6rderung ist wegweisend, da hier die Weichen f\u00fcr die Zukunft gestellt werden.\u201c<\/p>\n<p>Die bisherigen Ergebnisse der speziellen Fr\u00fchf\u00f6rderung sprechen f\u00fcr sich: Im Jahr 2013 konnte fast die H\u00e4lfte der gef\u00f6rderten Kinder in Regelschulen eingeschult werden, zehn Jahre zuvor waren es nur 34 Prozent. \u201eDiese Zahlen zeigen: Fr\u00fchf\u00f6rderung ist ein wesentlicher Beitrag zur Inklusion\u201c, unterstrich Landesdirektor Br\u00fcckmann.<\/p>\n<p>Seit vielen Jahren ist es ein besonderes Anliegen der Hessischen Landesregierung, behinderte und von Behinderung bedrohte Kinder und deren Angeh\u00f6rige zu unterst\u00fctzen und zu f\u00f6rdern. Mit dem daf\u00fcr entwickelten hessischen System der Fr\u00fchf\u00f6rderung, das auf einem interdisziplin\u00e4ren Handlungsansatz basiert und Kooperationsbeziehungen in der Region als wesentliche Elemente mit einbezieht, ist es gelungen, ein qualit\u00e4tsgesichertes Angebot fl\u00e4chendeckend zu etablieren.<br \/>\nVon der F\u00f6rdersumme profitieren zehn \u00fcberregional arbeitende spezielle Fr\u00fchberatungstellen f\u00fcr h\u00f6r- und sehgesch\u00e4digte Kinder (mit Au\u00dfenstellen) sowie das Autismus-Therapie-Institut Langen und das Autismus-Therapie- und Beratungszentrum Kassel, die ebenfalls Au\u00dfenstellen unterhalten.<\/p>\n<p>Daneben stehen in jedem Landkreis und jeder kreisfreien Stadt\u00c2\u00a0 in Hessen insgesamt 41 wohnortnahe allgemeine Fr\u00fchf\u00f6rder- und Fr\u00fchberatungsstellen f\u00fcr Kinder mit Behinderungen im Vorschulalter und deren Familien zur Verf\u00fcgung.<\/p>\n","protected":false},"excerpt":{"rendered":"<div class=\"tmnf_excerpt\"><p>Einen F\u00f6rderbescheid in H\u00f6he von knapp 870.000 Euro hat der Staatssekret\u00e4r im Hessischen Ministerium f\u00fcr Soziales und Integration, Dr. Wolfgang Dippel, heute an Uwe Br\u00fcckmann, Landesdirektor des LWV Hessen \u00fcberreicht. Mit Hilfe der F\u00f6rdersumme werden\u00c2\u00a0 der LWV, die Blindenstudienanstalt Marburg und der Evangelische Regionalverband ihr\u00c2\u00a0 Angebot an spezieller Fr\u00fchf\u00f6rderung f\u00fcr sinnesgesch\u00e4digte Kinder weiterentwickeln.\u00c2\u00a0 Hoch spezialisierte &hellip;<\/p>\n<\/div>","protected":false},"author":1,"featured_media":0,"comment_status":"closed","ping_status":"closed","sticky":false,"template":"","format":"standard","meta":{"footnotes":""},"categories":[1,29],"tags":[],"class_list":["post-140313","post","type-post","status-publish","format-standard","hentry","category-startseite","category-politik"],"_links":{"self":[{"href":"https:\/\/www.fuldaernachrichten.de\/index.php?rest_route=\/wp\/v2\/posts\/140313","targetHints":{"allow":["GET"]}}],"collection":[{"href":"https:\/\/www.fuldaernachrichten.de\/index.php?rest_route=\/wp\/v2\/posts"}],"about":[{"href":"https:\/\/www.fuldaernachrichten.de\/index.php?rest_route=\/wp\/v2\/types\/post"}],"author":[{"embeddable":true,"href":"https:\/\/www.fuldaernachrichten.de\/index.php?rest_route=\/wp\/v2\/users\/1"}],"replies":[{"embeddable":true,"href":"https:\/\/www.fuldaernachrichten.de\/index.php?rest_route=%2Fwp%2Fv2%2Fcomments&post=140313"}],"version-history":[{"count":1,"href":"https:\/\/www.fuldaernachrichten.de\/index.php?rest_route=\/wp\/v2\/posts\/140313\/revisions"}],"predecessor-version":[{"id":140314,"href":"https:\/\/www.fuldaernachrichten.de\/index.php?rest_route=\/wp\/v2\/posts\/140313\/revisions\/140314"}],"wp:attachment":[{"href":"https:\/\/www.fuldaernachrichten.de\/index.php?rest_route=%2Fwp%2Fv2%2Fmedia&parent=140313"}],"wp:term":[{"taxonomy":"category","embeddable":true,"href":"https:\/\/www.fuldaernachrichten.de\/index.php?rest_route=%2Fwp%2Fv2%2Fcategories&post=140313"},{"taxonomy":"post_tag","embeddable":true,"href":"https:\/\/www.fuldaernachrichten.de\/index.php?rest_route=%2Fwp%2Fv2%2Ftags&post=140313"}],"curies":[{"name":"wp","href":"https:\/\/api.w.org\/{rel}","templated":true}]}}