{"id":140292,"date":"2015-06-24T10:53:29","date_gmt":"2015-06-24T08:53:29","guid":{"rendered":"http:\/\/www.fuldaer-nachrichten.de\/?p=140292"},"modified":"2015-06-24T10:53:29","modified_gmt":"2015-06-24T08:53:29","slug":"natur-und-landschaftsfuehrer-fuer-den-vogelsberg-gesucht-geo-und-naturpark-bieten-neues-ausbildungsmodul-an","status":"publish","type":"post","link":"https:\/\/www.fuldaernachrichten.de\/?p=140292","title":{"rendered":"Natur- und Landschaftsf\u00fchrer f\u00fcr den Vogelsberg gesucht &#8211; Geo- und Naturpark bieten neues Ausbildungsmodul an"},"content":{"rendered":"<p><a href=\"http:\/\/www.fuldaer-nachrichten.de\/wp-content\/uploads\/2015\/06\/AusbildungGeoNaturPark.jpg\"><img fetchpriority=\"high\" decoding=\"async\" class=\"alignleft size-thumbnail wp-image-140295\" src=\"http:\/\/www.fuldaer-nachrichten.de\/wp-content\/uploads\/2015\/06\/AusbildungGeoNaturPark-265x203.jpg\" alt=\"AusbildungGeoNaturPark\" width=\"265\" height=\"203\" srcset=\"https:\/\/www.fuldaernachrichten.de\/wp-content\/uploads\/2015\/06\/AusbildungGeoNaturPark-265x203.jpg 265w, https:\/\/www.fuldaernachrichten.de\/wp-content\/uploads\/2015\/06\/AusbildungGeoNaturPark-600x460.jpg 600w, https:\/\/www.fuldaernachrichten.de\/wp-content\/uploads\/2015\/06\/AusbildungGeoNaturPark.jpg 900w\" sizes=\"(max-width: 265px) 100vw, 265px\" \/><\/a>Der Vogelsberg mit seiner einzigartigen Geologie, seiner artenreichen Natur und seinen zahlreichen attraktiven Wanderwegen und Naturerlebnispfaden ist eine \u2013 von Einheimischen wie Besuchern \u2013 gesch\u00e4tzte Naherholungs- und Urlaubsregion.<\/p>\n<p>Die Sch\u00f6nheiten und Besonderheiten dieses ehemals gr\u00f6\u00dften Vulkanfeldes Mitteleuropas zu erhalten und zu sch\u00fctzen sowie dem Besucher die Geotope, die vielf\u00e4ltige Tier- und Pflanzenwelt und das kulturelle Erbe kenntnisreich zu vermitteln, ist Ziel der Natur- und Landschaftsf\u00fchrer.<\/p>\n<p>\u201eDer gemeinsame Ausbildungslehrgang von Geo- und Naturpark ist ein wichtiger Baustein in der Entwicklung des Geoparks und der Angebote in der Vulkanregion Vogelsberg\u201c, so Vorsitzender Landrat Manfred G\u00f6rig. \u201eBereits jetzt k\u00f6nnen wir auf einen guten Stamm von Naturparkf\u00fchrern bauen, der aber noch verst\u00e4rkt werden soll\u201c. Die steigende Nachfrage nach F\u00fchrungen zeige, dass man sich auf dem richtigen Weg befinde.<\/p>\n<p>Aus diesem Grund f\u00fchren der Naturpark Hoher Vogelsberg, der Geopark Vulkanregion Vogelsberg, die Deutsche Vulkanologische Gesellschaft und das Naturschutzgro\u00dfprojekt Vogelsberg in Kooperation mit der Naturschutz-Akademie Hessen gemeinsam einen Lehrgang zum \/ zur \u201eZertifizierten Natur- und Landschaftsf\u00fchrer\/-in f\u00fcr den Naturraum und die Vulkanregion Vogelsberg&#8221; durch. Dabei wird (natur-)interessierten Personen aus der Region das theoretische und praktische \u201eHandwerkszeug\u201c vermittelt, um Informationen und Erlebnisse kundig, engagiert und vielseitig zu gestalten und gleichzeitig den Schutz der Vulkanregion Vogelsberg zu wahren. Dazu werden naturkundliche und andere fachliche Grundlagen ebenso vermittelt wie Aspekte der Kommunikation, Methodik und Naturp\u00e4dagogik.<\/p>\n<p>Die Fortbildung ist sehr praxisorientiert angelegt und besteht aus einer Mischung von Theorie und Praxis, aus \u201eDrinnen und Drau\u00dfen\u201c, aus Vortr\u00e4gen, Exkursionen, Gruppen- und Projektarbeit.<br \/>\nInhalte:<\/p>\n<p>\u00c2\u00b7\u00c2\u00a0\u00c2\u00a0\u00c2\u00a0\u00c2\u00a0\u00c2\u00a0\u00c2\u00a0\u00c2\u00a0 Naturkundliche Grundlagen der Region: Was zeichnet die Vogelsbergregion aus? Wie ist sie entstanden?<br \/>\n\u00c2\u00b7\u00c2\u00a0\u00c2\u00a0\u00c2\u00a0\u00c2\u00a0\u00c2\u00a0\u00c2\u00a0\u00c2\u00a0 Mensch &#8211; Kultur &#8211; Landschaft: Wie h\u00e4ngen Natur, Kultur(landschaft) und Land-, Forst-Wirtschaft zusammen?<br \/>\n\u00c2\u00b7\u00c2\u00a0\u00c2\u00a0\u00c2\u00a0\u00c2\u00a0\u00c2\u00a0\u00c2\u00a0\u00c2\u00a0 Kommunikation und Umweltdidaktik: Wie gestalte ich professionelle Angebote, die Besuchern Spa\u00df machen?<br \/>\n\u00c2\u00b7\u00c2\u00a0\u00c2\u00a0\u00c2\u00a0\u00c2\u00a0\u00c2\u00a0\u00c2\u00a0\u00c2\u00a0 Rechtliche Grundlagen und Marketing: Was muss ich zu rechtlichen und organisatorischen Fragen wissen?<\/p>\n<p>Der Lehrgang umfasst 70 Unterrichtsstunden in drei Bl\u00f6cken plus Hausarbeit und Pr\u00fcfung und findet im Herbst 2015 statt.<br \/>\nWer sich f\u00fcr den Lehrgang und seine Ausbildungsinhalte interessiert, ist herzlich zu einer Informationsveranstaltung am Montag, 6. Juli 2015, 19.00 Uhr in das in Naturschutz-Informationszentrum Hoherodskopf, 63679 Schotten, eingeladen.<br \/>\nAn diesem Abend werden Struktur und Ziele des Lehrgangs, die Termine und weitere\u00c2\u00a0 wichtige Informationen erl\u00e4utert. Eine Anmeldung ist nicht zwingend erforderlich, erleichtert aber die Planung.<\/p>\n<p>Informationen zum Projekt: Naturpark Hoher Vogelsberg, Heinz-J\u00fcrgen Schmoll,<br \/>\nKarl-Weber-Str. 2, 63679 Schotten Tel. 06044\/2631<br \/>\nE-Mail: naturparkvogelsberg@t-online.de<\/p>\n","protected":false},"excerpt":{"rendered":"<div class=\"tmnf_excerpt\"><p>Der Vogelsberg mit seiner einzigartigen Geologie, seiner artenreichen Natur und seinen zahlreichen attraktiven Wanderwegen und Naturerlebnispfaden ist eine \u2013 von Einheimischen wie Besuchern \u2013 gesch\u00e4tzte Naherholungs- und Urlaubsregion. Die Sch\u00f6nheiten und Besonderheiten dieses ehemals gr\u00f6\u00dften Vulkanfeldes Mitteleuropas zu erhalten und zu sch\u00fctzen sowie dem Besucher die Geotope, die vielf\u00e4ltige Tier- und Pflanzenwelt und das kulturelle &hellip;<\/p>\n<\/div>","protected":false},"author":1,"featured_media":140294,"comment_status":"closed","ping_status":"closed","sticky":false,"template":"","format":"standard","meta":{"footnotes":""},"categories":[1,52],"tags":[],"class_list":["post-140292","post","type-post","status-publish","format-standard","has-post-thumbnail","hentry","category-startseite","category-umwelt"],"_links":{"self":[{"href":"https:\/\/www.fuldaernachrichten.de\/index.php?rest_route=\/wp\/v2\/posts\/140292","targetHints":{"allow":["GET"]}}],"collection":[{"href":"https:\/\/www.fuldaernachrichten.de\/index.php?rest_route=\/wp\/v2\/posts"}],"about":[{"href":"https:\/\/www.fuldaernachrichten.de\/index.php?rest_route=\/wp\/v2\/types\/post"}],"author":[{"embeddable":true,"href":"https:\/\/www.fuldaernachrichten.de\/index.php?rest_route=\/wp\/v2\/users\/1"}],"replies":[{"embeddable":true,"href":"https:\/\/www.fuldaernachrichten.de\/index.php?rest_route=%2Fwp%2Fv2%2Fcomments&post=140292"}],"version-history":[{"count":1,"href":"https:\/\/www.fuldaernachrichten.de\/index.php?rest_route=\/wp\/v2\/posts\/140292\/revisions"}],"predecessor-version":[{"id":140296,"href":"https:\/\/www.fuldaernachrichten.de\/index.php?rest_route=\/wp\/v2\/posts\/140292\/revisions\/140296"}],"wp:featuredmedia":[{"embeddable":true,"href":"https:\/\/www.fuldaernachrichten.de\/index.php?rest_route=\/wp\/v2\/media\/140294"}],"wp:attachment":[{"href":"https:\/\/www.fuldaernachrichten.de\/index.php?rest_route=%2Fwp%2Fv2%2Fmedia&parent=140292"}],"wp:term":[{"taxonomy":"category","embeddable":true,"href":"https:\/\/www.fuldaernachrichten.de\/index.php?rest_route=%2Fwp%2Fv2%2Fcategories&post=140292"},{"taxonomy":"post_tag","embeddable":true,"href":"https:\/\/www.fuldaernachrichten.de\/index.php?rest_route=%2Fwp%2Fv2%2Ftags&post=140292"}],"curies":[{"name":"wp","href":"https:\/\/api.w.org\/{rel}","templated":true}]}}