{"id":140280,"date":"2015-06-30T06:40:53","date_gmt":"2015-06-30T04:40:53","guid":{"rendered":"http:\/\/www.fuldaer-nachrichten.de\/?p=140280"},"modified":"2015-06-23T17:41:26","modified_gmt":"2015-06-23T15:41:26","slug":"vortrag-des-fuldaer-geschichtsvereins-die-kirche-st-peter-und-hrabanus-maurus","status":"publish","type":"post","link":"https:\/\/www.fuldaernachrichten.de\/?p=140280","title":{"rendered":"Vortrag des Fuldaer Geschichtsvereins &#8211; Die Kirche St. Peter und Hrabanus Maurus"},"content":{"rendered":"<p>Der Fuldaer Geschichtsverein l\u00e4dt ein zu einem Vortrag \u00fcber die Wandmalereien der Kirche auf dem Petersberg und das Ausstattungsprogramm des Hrabanus Maurus. Die Referentin ist Christine Kenner, Leiterin des Dezernates Restaurierung und Bauforschung beim Landesamt f\u00fcr Denkmalpflege Hessen.<\/p>\n<p>Die Kirche St. Peter auf dem Petersberg bei Fulda \u00fcberragt die umgebende Landschaft nun seit mehr als 1175 Jahren. Gegr\u00fcndet und erbaut wurde sie von dem fuldischen Gelehrten und Abt Hrabanus Maurus (um 780-856). Im Zuge der letzten Instandsetzung erfolgten umfangreiche Bauuntersuchungen mit deren Hilfe es gelang, weite Teile des Chores und der Krypta der karolingischen Bauzeit zuzuordnen. Dies bildete den Anlass, sich erneut auch den erhaltenen Wandmalereiresten in der Krypta ausf\u00fchrlicher zuzuwenden. Dies erbrachte neue Erkenntnisse zu der aus Alt\u00e4ren, Reliquiensch\u00e4tzen und Wandmalereien gebildeten komplexen Gesamtkonzeption, die in vielf\u00e4ltiger Weise mit dem Werk des Hrabanus Maurus zu verbinden sind. Gleichzeitig lassen sich zahlreiche Bez\u00fcge auf sp\u00e4tantike, fr\u00fchchristliche Bildwerke und auf das karolingische Kunstschaffen aufzeigen, die in eindr\u00fccklicher Weise die Fr\u00fcchte der von Karl dem Gro\u00dfen initiierten geistigen Erneuerung in Theologie, Bildung, Architektur und Kunst vermitteln und auf den hohen Bildungsgrad sowie die tiefe Gottessehnsucht ihres Sch\u00f6pfers verweisen. Mit der nun weitestgehend gesicherten Datierung um das Jahr 838 handelt es sich zugleich um die \u00e4ltesten fig\u00fcrlichen Wandmalereien des christlichen Abendlandes n\u00f6rdlich der Alpen.<\/p>\n<p>Die Veranstaltung findet am Donnerstag, 02. Juli 2015, um 19.30 Uhr, im Forum Kanzlerpalais, Unterm Heilig Kreuz, 36037 Fulda, statt.<\/p>\n","protected":false},"excerpt":{"rendered":"<div class=\"tmnf_excerpt\"><p>Der Fuldaer Geschichtsverein l\u00e4dt ein zu einem Vortrag \u00fcber die Wandmalereien der Kirche auf dem Petersberg und das Ausstattungsprogramm des Hrabanus Maurus. Die Referentin ist Christine Kenner, Leiterin des Dezernates Restaurierung und Bauforschung beim Landesamt f\u00fcr Denkmalpflege Hessen. Die Kirche St. Peter auf dem Petersberg bei Fulda \u00fcberragt die umgebende Landschaft nun seit mehr als &hellip;<\/p>\n<\/div>","protected":false},"author":1,"featured_media":0,"comment_status":"closed","ping_status":"closed","sticky":false,"template":"","format":"standard","meta":{"footnotes":""},"categories":[1],"tags":[],"class_list":["post-140280","post","type-post","status-publish","format-standard","hentry","category-startseite"],"_links":{"self":[{"href":"https:\/\/www.fuldaernachrichten.de\/index.php?rest_route=\/wp\/v2\/posts\/140280","targetHints":{"allow":["GET"]}}],"collection":[{"href":"https:\/\/www.fuldaernachrichten.de\/index.php?rest_route=\/wp\/v2\/posts"}],"about":[{"href":"https:\/\/www.fuldaernachrichten.de\/index.php?rest_route=\/wp\/v2\/types\/post"}],"author":[{"embeddable":true,"href":"https:\/\/www.fuldaernachrichten.de\/index.php?rest_route=\/wp\/v2\/users\/1"}],"replies":[{"embeddable":true,"href":"https:\/\/www.fuldaernachrichten.de\/index.php?rest_route=%2Fwp%2Fv2%2Fcomments&post=140280"}],"version-history":[{"count":1,"href":"https:\/\/www.fuldaernachrichten.de\/index.php?rest_route=\/wp\/v2\/posts\/140280\/revisions"}],"predecessor-version":[{"id":140281,"href":"https:\/\/www.fuldaernachrichten.de\/index.php?rest_route=\/wp\/v2\/posts\/140280\/revisions\/140281"}],"wp:attachment":[{"href":"https:\/\/www.fuldaernachrichten.de\/index.php?rest_route=%2Fwp%2Fv2%2Fmedia&parent=140280"}],"wp:term":[{"taxonomy":"category","embeddable":true,"href":"https:\/\/www.fuldaernachrichten.de\/index.php?rest_route=%2Fwp%2Fv2%2Fcategories&post=140280"},{"taxonomy":"post_tag","embeddable":true,"href":"https:\/\/www.fuldaernachrichten.de\/index.php?rest_route=%2Fwp%2Fv2%2Ftags&post=140280"}],"curies":[{"name":"wp","href":"https:\/\/api.w.org\/{rel}","templated":true}]}}