{"id":140259,"date":"2015-06-26T07:31:34","date_gmt":"2015-06-26T05:31:34","guid":{"rendered":"http:\/\/www.fuldaer-nachrichten.de\/?p=140259"},"modified":"2015-06-23T16:32:07","modified_gmt":"2015-06-23T14:32:07","slug":"ferienkurs-fuer-kinder-von-sieben-bis-zwoelf-jahren-in-der-kunststation-kleinsassen-beginn-am-montag-27-juli-um-14-30-uhr-vhs-laedt-ein-zur-ferienwerkstatt-schnirkelschnecke","status":"publish","type":"post","link":"https:\/\/www.fuldaernachrichten.de\/?p=140259","title":{"rendered":"Ferienkurs f\u00fcr  Kinder von sieben bis zw\u00f6lf Jahren in der Kunststation Kleinsassen \/ Beginn am Montag, 27. Juli, um 14.30 Uhr  VHS l\u00e4dt ein zur Ferienwerkstatt &#8220;Schnirkelschnecke&#8221;"},"content":{"rendered":"<p>In einer Ferienwerkstatt der Volkshochschule des Landkreises Fulda erhalten Kinder im Alter von sieben bis zw\u00f6lf Jahren, die gerne k\u00fcnstlerisch t\u00e4tig sind, weitere Anregungen. Gro\u00dfe und kleine Wasserfarbenbilder, farbiges Fassen von Fundst\u00fccken, Papiercollagen und Tierfiguren aus Ton sind nur einige Beispiele. Der Ferienkurs beginnt am Montag, 27. Juli, um 14.30 Uhr in der Kunststation Kleinsassen. Infos und vorherige Anmeldung unter www.vhs-fulda.de oder bei der VHS-Gesch\u00e4ftsstelle. Telefon (0661)25199-0.<\/p>\n","protected":false},"excerpt":{"rendered":"<div class=\"tmnf_excerpt\"><p>In einer Ferienwerkstatt der Volkshochschule des Landkreises Fulda erhalten Kinder im Alter von sieben bis zw\u00f6lf Jahren, die gerne k\u00fcnstlerisch t\u00e4tig sind, weitere Anregungen. Gro\u00dfe und kleine Wasserfarbenbilder, farbiges Fassen von Fundst\u00fccken, Papiercollagen und Tierfiguren aus Ton sind nur einige Beispiele. Der Ferienkurs beginnt am Montag, 27. Juli, um 14.30 Uhr in der Kunststation Kleinsassen. &hellip;<\/p>\n<\/div>","protected":false},"author":1,"featured_media":0,"comment_status":"closed","ping_status":"closed","sticky":false,"template":"","format":"standard","meta":{"footnotes":""},"categories":[1],"tags":[],"class_list":["post-140259","post","type-post","status-publish","format-standard","hentry","category-startseite"],"_links":{"self":[{"href":"https:\/\/www.fuldaernachrichten.de\/index.php?rest_route=\/wp\/v2\/posts\/140259","targetHints":{"allow":["GET"]}}],"collection":[{"href":"https:\/\/www.fuldaernachrichten.de\/index.php?rest_route=\/wp\/v2\/posts"}],"about":[{"href":"https:\/\/www.fuldaernachrichten.de\/index.php?rest_route=\/wp\/v2\/types\/post"}],"author":[{"embeddable":true,"href":"https:\/\/www.fuldaernachrichten.de\/index.php?rest_route=\/wp\/v2\/users\/1"}],"replies":[{"embeddable":true,"href":"https:\/\/www.fuldaernachrichten.de\/index.php?rest_route=%2Fwp%2Fv2%2Fcomments&post=140259"}],"version-history":[{"count":1,"href":"https:\/\/www.fuldaernachrichten.de\/index.php?rest_route=\/wp\/v2\/posts\/140259\/revisions"}],"predecessor-version":[{"id":140260,"href":"https:\/\/www.fuldaernachrichten.de\/index.php?rest_route=\/wp\/v2\/posts\/140259\/revisions\/140260"}],"wp:attachment":[{"href":"https:\/\/www.fuldaernachrichten.de\/index.php?rest_route=%2Fwp%2Fv2%2Fmedia&parent=140259"}],"wp:term":[{"taxonomy":"category","embeddable":true,"href":"https:\/\/www.fuldaernachrichten.de\/index.php?rest_route=%2Fwp%2Fv2%2Fcategories&post=140259"},{"taxonomy":"post_tag","embeddable":true,"href":"https:\/\/www.fuldaernachrichten.de\/index.php?rest_route=%2Fwp%2Fv2%2Ftags&post=140259"}],"curies":[{"name":"wp","href":"https:\/\/api.w.org\/{rel}","templated":true}]}}