{"id":140248,"date":"2015-06-23T14:42:25","date_gmt":"2015-06-23T12:42:25","guid":{"rendered":"http:\/\/www.fuldaer-nachrichten.de\/?p=140248"},"modified":"2015-06-23T14:42:25","modified_gmt":"2015-06-23T12:42:25","slug":"bundesseniorenministerin-manuela-schwesig-eroeffnet-begleitende-messe-sennova","status":"publish","type":"post","link":"https:\/\/www.fuldaernachrichten.de\/?p=140248","title":{"rendered":"Bundesseniorenministerin Manuela Schwesig er\u00f6ffnet begleitende Messe SenNova"},"content":{"rendered":"<p>Die Bundesministerin f\u00fcr Familie, Senioren, Frauen und Jugend, Manuela Schwesig, er\u00f6ffnet am 2. Juli gemeinsam mit der BAGSO-Vorsitzenden Prof. Dr. Ursula Lehr die Informationsmesse SenNova im Congress Center Messe Frankfurt. Die amtierende und die Bundesministerin a.D. geben den Startschuss f\u00fcr das vielf\u00e4ltige Programm der dreit\u00e4gigen Messe.<\/p>\n<p>Im Rahmen des 11. Deutschen Seniorentages pr\u00e4sentieren sich rund 250 Aussteller auf der Messe SenNova mit Informationen, Produkten und Dienstleistungen rund um das Thema \u201e\u00c4lter werden\u201c. Zus\u00e4tzlich bietet die Messe ein attraktives B\u00fchnenprogramm mit Vortrags-, Show- und Aktionsangeboten, aufgeteilt auf die drei Thementage: Mobilit\u00e4t, Gesundheit und Vorsorge.<\/p>\n<p>Im Rahmen der Thementage testen Experten die Fitness, ermitteln das Schlaganfallrisiko und messen die Knochendichte, sie geben Tipps f\u00fcr den richtigen Umgang mit Schmerzen sowie Hinweise zur sicheren Nutzung digitaler Medien, z.B. Tablets, aber auch E-Reader. Zahlreiche Parcours f\u00fcr Mobilit\u00e4t und Gesundheit laden zum Mitmachen ein. Au\u00dferdem k\u00f6nnen die Besucherinnen und Besucher mit verschiedenen Simulationsbrillen technische und gesundheitliche Innovationen rund um das Alter erleben.<\/p>\n<p>Die Attraktionen der SenNova 2015<br \/>\nErstmalig in Deutschland wird auf der SenNova ein Prognose-Fitness-Test f\u00fcr Senioren pr\u00e4sentiert. Der in Zusammenarbeit mit der Universit\u00e4t Heidelberg wissenschaftlich evaluierte Test \u00fcberpr\u00fcft den aktuellen Fitnessstand und l\u00e4sst \u2013 was einmalig ist \u2013 eine Prognose zu, ob die Selbstst\u00e4ndigkeit auch mit zunehmendem Alter erhalten bleibt.<\/p>\n<p>Zu den Attraktionen der Messe geh\u00f6rt auch die Roboter-Robbe \u201eParo\u201c, die durch ihr tier\u00e4hnliches Aussehen sowie ihre Bewegungen und Laute einen beruhigenden Einfluss auf demenzkranke Patienten hat und zu therapeutischen Zwecken eingesetzt wird. Auf der Generationsinsel wird der Veranstalter, die Bundesarbeitsgemeinschaft der Senioren-Organisationen (BAGSO), den weltweit ersten barrierefreien Strandkorb ausstellen, entwickelt von Studierenden verschiedener Hochschulen und Fachrichtungen im Auftrag der Landesinitiative Niedersachsen Generationengerechter Alltag (LINGA).<br \/>\nDas Programm und die beteiligten Organisationen sind auf Website www.deutscher-seniorentag.de\/messe-sennova ver\u00f6ffentlicht.<\/p>\n<p>Die Bundesarbeitsgemeinschaft der Senioren-Organisationen e.V.<br \/>\nDie Bundesarbeitsgemeinschaft der Senioren-Organisationen e.V. (BAGSO) ist das Dach von 111 Verb\u00e4nden mit rund 13 Millionen Mitgliedern. Sie vertritt die Interessen \u00e4lterer Menschen gegen\u00fcber Politik, Wirtschaft und Gesellschaft und setzt sich u. a. f\u00fcr ein selbstbestimmtes Leben im Alter, eine umfassende gesellschaftliche Teilhabe \u00c4lterer und ein solidarisches Miteinander der Generationen ein.<br \/>\nDer 11. Deutsche Seniorentag und die Messe SenNova auf einen Blick<\/p>\n<p>Termin:<br \/>\nDonnerstag, 2. Juli, bis Samstag, 4. Juli 2015<br \/>\nAm 2. und 3. Juli 2015 von 9:00 bis 18:00 Uhr, am 4. Juli 2015 von 9:00 bis 17:00 Uhr<\/p>\n<p>Ort:<br \/>\nCongress Center Messe Frankfurt, Ludwig-Erhard-Anlage 1, 60327 Frankfurt am Main<\/p>\n<p>Eintrittskarten:<br \/>\nTageskarte am 2. und 3. Juli 2015: je 12 \u00e2\u201a\u00ac<br \/>\nTageskarte am 4. Juli 2015: 6 \u00e2\u201a\u00ac (ab 13:00 Uhr freier Eintritt), 3-Tage-Karte: 25 \u00e2\u201a\u00ac<br \/>\nAlle Eintrittskarten beinhalten die Nutzung der \u00f6ffentlichen Verkehrsmittel im gesamten Gebiet des Rhein-Main-Verkehrsverbundes (RMV).<\/p>\n<p>Erm\u00e4\u00dfigungen:<br \/>\nF\u00fcr Gruppen ab 15 Personen (20 Prozent) und Inhaber des Frankfurt-Passes oder eines vergleichbaren Nachweises (50 Prozent). F\u00fcr Begleitpersonen von Schwerbehinderten mit dem Merkzeichen &#8220;B&#8221; im Ausweis sowie Sch\u00fcler- und Studentengruppen (bei Voranmeldung) ist der Eintritt frei.<\/p>\n<p>Vorverkauf:<br \/>\nEintrittskarten k\u00f6nnen auch in den Tourist Informationen am Frankfurter Hauptbahnhof und im R\u00f6mer erworben werden. Dort liegen auch Programmhefte aus.<\/p>\n<p>Internetseiten:<br \/>\nwww.deutscher-seniorentag.de und www.sennova.de<\/p>\n","protected":false},"excerpt":{"rendered":"<div class=\"tmnf_excerpt\"><p>Die Bundesministerin f\u00fcr Familie, Senioren, Frauen und Jugend, Manuela Schwesig, er\u00f6ffnet am 2. Juli gemeinsam mit der BAGSO-Vorsitzenden Prof. Dr. Ursula Lehr die Informationsmesse SenNova im Congress Center Messe Frankfurt. Die amtierende und die Bundesministerin a.D. geben den Startschuss f\u00fcr das vielf\u00e4ltige Programm der dreit\u00e4gigen Messe. Im Rahmen des 11. Deutschen Seniorentages pr\u00e4sentieren sich rund &hellip;<\/p>\n<\/div>","protected":false},"author":1,"featured_media":0,"comment_status":"closed","ping_status":"closed","sticky":false,"template":"","format":"standard","meta":{"footnotes":""},"categories":[1],"tags":[],"class_list":["post-140248","post","type-post","status-publish","format-standard","hentry","category-startseite"],"_links":{"self":[{"href":"https:\/\/www.fuldaernachrichten.de\/index.php?rest_route=\/wp\/v2\/posts\/140248","targetHints":{"allow":["GET"]}}],"collection":[{"href":"https:\/\/www.fuldaernachrichten.de\/index.php?rest_route=\/wp\/v2\/posts"}],"about":[{"href":"https:\/\/www.fuldaernachrichten.de\/index.php?rest_route=\/wp\/v2\/types\/post"}],"author":[{"embeddable":true,"href":"https:\/\/www.fuldaernachrichten.de\/index.php?rest_route=\/wp\/v2\/users\/1"}],"replies":[{"embeddable":true,"href":"https:\/\/www.fuldaernachrichten.de\/index.php?rest_route=%2Fwp%2Fv2%2Fcomments&post=140248"}],"version-history":[{"count":1,"href":"https:\/\/www.fuldaernachrichten.de\/index.php?rest_route=\/wp\/v2\/posts\/140248\/revisions"}],"predecessor-version":[{"id":140258,"href":"https:\/\/www.fuldaernachrichten.de\/index.php?rest_route=\/wp\/v2\/posts\/140248\/revisions\/140258"}],"wp:attachment":[{"href":"https:\/\/www.fuldaernachrichten.de\/index.php?rest_route=%2Fwp%2Fv2%2Fmedia&parent=140248"}],"wp:term":[{"taxonomy":"category","embeddable":true,"href":"https:\/\/www.fuldaernachrichten.de\/index.php?rest_route=%2Fwp%2Fv2%2Fcategories&post=140248"},{"taxonomy":"post_tag","embeddable":true,"href":"https:\/\/www.fuldaernachrichten.de\/index.php?rest_route=%2Fwp%2Fv2%2Ftags&post=140248"}],"curies":[{"name":"wp","href":"https:\/\/api.w.org\/{rel}","templated":true}]}}