{"id":140247,"date":"2015-06-23T14:39:55","date_gmt":"2015-06-23T12:39:55","guid":{"rendered":"http:\/\/www.fuldaer-nachrichten.de\/?p=140247"},"modified":"2015-06-23T14:39:55","modified_gmt":"2015-06-23T12:39:55","slug":"sonderausstellung-im-vonderau-museum-fulda-vom-1-juli-bis-22-november-2015-die-rhoen-geschichte-einer-landschaft","status":"publish","type":"post","link":"https:\/\/www.fuldaernachrichten.de\/?p=140247","title":{"rendered":"Sonderausstellung im Vonderau Museum Fulda vom 1. Juli bis 22. November 2015   Die Rh\u00f6n \u2013 Geschichte einer Landschaft"},"content":{"rendered":"<p><a href=\"http:\/\/www.fuldaer-nachrichten.de\/wp-content\/uploads\/2015\/06\/Notgeld-Rueckseite.jpg\"><img decoding=\"async\" class=\"alignleft size-thumbnail wp-image-140252\" src=\"http:\/\/www.fuldaer-nachrichten.de\/wp-content\/uploads\/2015\/06\/Notgeld-Rueckseite-265x187.jpg\" alt=\"Notgeld Rueckseite\" width=\"265\" height=\"187\" srcset=\"https:\/\/www.fuldaernachrichten.de\/wp-content\/uploads\/2015\/06\/Notgeld-Rueckseite-265x187.jpg 265w, https:\/\/www.fuldaernachrichten.de\/wp-content\/uploads\/2015\/06\/Notgeld-Rueckseite-600x423.jpg 600w, https:\/\/www.fuldaernachrichten.de\/wp-content\/uploads\/2015\/06\/Notgeld-Rueckseite.jpg 900w\" sizes=\"(max-width: 265px) 100vw, 265px\" \/><\/a>Eine geheimnisvolle Faszination geht von der Rh\u00f6n aus. Mit ihrem rauen Charme l\u00e4dt die markante Mittelgebirgslandschaft im Herzen Deutschlands Naturliebhaber und Kulturinteressierte aus nah und fern zu erlebnisreichen Ausfl\u00fcgen im Dreil\u00e4ndereck zwischen Hessen, Bayern und Th\u00fcringen ein. Bei ausgiebigen Wanderungen er\u00f6ffnen sich dem Betrachter immer neue Blicke in \u201eDas Land der offenen Fernen\u201c \u2013 malerische Momente, die im Ged\u00e4chtnis bleiben. Was aber macht diese einzigartige l\u00e4nder\u00fcbergreifende Natur- und Kulturlandschaft aus, die 1991 \u2013 nur kurz nach der deutschen Wiedervereinigung \u2013 zum UNESCO-Biosph\u00e4renreservat Rh\u00f6n erkl\u00e4rt wurde? Woraus speist sich die Faszination Rh\u00f6n? Was macht sie so einzigartig und unverwechselbar? Diesen und vielen weiteren spannenden Fragen widmet sich vom 1. Juli bis zum 22. November 2015 die umfangreiche Sonderausstellung \u201eDie Rh\u00f6n \u2013 Geschichte einer Landschaft\u201c im Vonderau Museum Fulda, die f\u00fcr Besucher zu einer erlebnisreichen Zeitreise wird.<\/p>\n<p>Virtuelle Fl\u00fcge durch die weite Landschaft mit dem 3D-Gel\u00e4ndemodell<\/p>\n<p><a href=\"http:\/\/www.fuldaer-nachrichten.de\/wp-content\/uploads\/2015\/06\/Postkarte-Hotel-Milseburg.jpg\"><img decoding=\"async\" class=\"alignleft size-thumbnail wp-image-140253\" src=\"http:\/\/www.fuldaer-nachrichten.de\/wp-content\/uploads\/2015\/06\/Postkarte-Hotel-Milseburg-265x167.jpg\" alt=\"Postkarte Hotel Milseburg\" width=\"265\" height=\"167\" srcset=\"https:\/\/www.fuldaernachrichten.de\/wp-content\/uploads\/2015\/06\/Postkarte-Hotel-Milseburg-265x167.jpg 265w, https:\/\/www.fuldaernachrichten.de\/wp-content\/uploads\/2015\/06\/Postkarte-Hotel-Milseburg-600x378.jpg 600w, https:\/\/www.fuldaernachrichten.de\/wp-content\/uploads\/2015\/06\/Postkarte-Hotel-Milseburg.jpg 900w\" sizes=\"(max-width: 265px) 100vw, 265px\" \/><\/a>Eine Attraktion der Ausstellung ist ein eigens entwickeltes 3D-Gel\u00e4ndemodell.\u00c2\u00a0 Realisiert hat es das Fuldaer Unternehmen BiteTheBytes, das sich durch ausgefeilte Computeranimationen und Softwareprodukte\u00c2\u00a0 einen Namen gemacht hat. Spielerisch erm\u00f6glicht das 3D-Gel\u00e4ndemodell dem Besucher virtuelle Fl\u00fcge \u00fcber \u201eDas Land der offenen Fernen\u201c, das sich am Gro\u00dfbildschirm eindrucksvoll in seiner ganzen Sch\u00f6nheit offenbart. Modernste Technik und eine brillante Grafik, wie sie Fans von hochaktuellen Computerspielen her kennen, lassen den Benutzer eintreten in die faszinierende Natur-und Kulturlandschaft.<br \/>\nAuf seinem freien virtuellen Flug \u00fcber W\u00e4lder und Wiesen, Felder, Kuppen und Kegel hinweg, kann der\u00c2\u00a0 Besucher je nach seinem individuellen Interesse \u00fcber ein Gamepad seine Lieblingsziele ansteuern. So erreicht er die Sehensw\u00fcrdigkeiten und Besonderheiten im hessischen, bayerischen und th\u00fcringischen Teil der Rh\u00f6n. Mit ein paar Klicks gelangt er an\u00c2\u00a0 programmierte \u201ePoints of Interest\u201c (POI) und kann dort wichtige Informationen und Details\u00c2\u00a0 zu Bergen und Mooren, Burgen und Kl\u00f6stern, St\u00e4dten, D\u00f6rfern,\u00c2\u00a0 Flora und Fauna, Bilder und Filmsequenzen abrufen und anschlie\u00dfend sein n\u00e4chstes Ziel festlegen.<br \/>\nDie neuartige 3D-Brille\u00c2\u00a0 Oculus Rift sorgt dabei f\u00fcr ein direktes Raumempfinden. Es handelt sich hierbei um keine gew\u00f6hnliche 3D-Brille, wie man sie beispielsweise von 3D-Fernsehen her kennt, sondern um eine so genannte Virtual-Reality-Brille. Sie \u00fcbertr\u00e4gt die Kopfbewegung des Tr\u00e4gers in die 3D-Szenerie im Computer und erm\u00f6glicht so ein Gef\u00fchl, selbst direkt mitten im Geschehen\u00c2\u00a0 zu sein. Der Tr\u00e4ger taucht also vollst\u00e4ndig in die Welt des Computers ein und sieht diese auch so, wie er seine reale Welt mit seinen eigenen Augen wahrnimmt. Das Modell kommt erst im kommenden Jahr (erstes Quartal 2016) offiziell auf den deutschen Markt. Im Rahmen der Ausstellung d\u00fcrfen sich Technikbegeisterte aber schon jetzt von den besonderen Qualit\u00e4ten des Prototyps der 3D-Brille \u00fcberzeugen.<\/p>\n<p>Von der Entstehung des Mittelgebirges zur typischen Fauna und Flora<\/p>\n<p>Wie die Rh\u00f6n vor Jahrmillionen durch den Vulkanismus entstanden ist, macht die Abteilung Naturkunde deutlich. Sie verweist auf die vielschichtigen Einfl\u00fcsse, die das Erscheinungsbild des Mittelgebirges mit seiner zentralen Basalthochfl\u00e4che, umstanden von einzelnen Kegelbergen, geformt und ver\u00e4ndert haben und bis heute pr\u00e4gen. Ausgew\u00e4hlte Exponate stellen typische Gesteinsarten. Von Fossilien, die von urzeitlichem Leben zeugen, spannt sich der Bogen bis hin zu charakteristischen Vertretern der heimischen Flora und Fauna.<\/p>\n<p>Steinwerkzeuge, reiche Grabbeigaben und keltische Kunstfertigkeit<\/p>\n<p>Den \u00e4ltesten Spuren menschlichen Lebens in der Rh\u00f6n und der beginnenden Besiedlung der Landschaft in vor- und fr\u00fchgeschichtlicher Zeit widmet sich die Abteilung Arch\u00e4ologie. Steinerne Schlagwerkzeuge aus Quarzit-Ger\u00f6ll aus der Zeit des Homo errectus, die in Gro\u00dfenbach bei H\u00fcnfeld gefunden wurden, reiche Beigaben aus H\u00fcgelgr\u00e4bern der Mittelbronzezeit wie dem der \u201eDame von Traisbach\u201c und keltische Funde aus der Eisenzeit , eine Leihgabe aus dem Bereich f\u00fcr Ur- und Fr\u00fchgeschichtliche Arch\u00e4ologie der Friedrich-Schiller-Universit\u00e4t\u00c2\u00a0 Jena, offenbaren unter anderem die Entwicklung des Handwerks und zeugen von der gro\u00dfen Kunstfertigkeit der Kelten.<\/p>\n<p>Die Rh\u00f6n als Adelsland: Historische Wappen und wertvolle Urkunden<\/p>\n<p><a href=\"http:\/\/www.fuldaer-nachrichten.de\/wp-content\/uploads\/2015\/06\/Wappen-Henneberger.jpg\"><img fetchpriority=\"high\" decoding=\"async\" class=\"alignleft size-thumbnail wp-image-140251\" src=\"http:\/\/www.fuldaer-nachrichten.de\/wp-content\/uploads\/2015\/06\/Wappen-Henneberger-265x350.jpg\" alt=\"Wappen Henneberger\" width=\"265\" height=\"350\" srcset=\"https:\/\/www.fuldaernachrichten.de\/wp-content\/uploads\/2015\/06\/Wappen-Henneberger-265x350.jpg 265w, https:\/\/www.fuldaernachrichten.de\/wp-content\/uploads\/2015\/06\/Wappen-Henneberger-201x265.jpg 201w, https:\/\/www.fuldaernachrichten.de\/wp-content\/uploads\/2015\/06\/Wappen-Henneberger-455x600.jpg 455w, https:\/\/www.fuldaernachrichten.de\/wp-content\/uploads\/2015\/06\/Wappen-Henneberger.jpg 900w\" sizes=\"(max-width: 265px) 100vw, 265px\" \/><\/a>Welche Faktoren die Herausbildung territorialer Grenzen im Fr\u00fchmittelalter beeinflusst haben und wann der Begriff Rh\u00f6n erstmals erw\u00e4hnt wird, zeigt die Abteilung Geschichte. Wertvolle Urkunden belegen einstige Herrschaftsanspr\u00fcche, Besitzungen und Zugeh\u00f6rigkeiten. Die Rh\u00f6n als Adelsland wird in den Blick genommen: Wappen alter Adelsgeschlechter und Burgen, die zum Teil als Ruinen heute noch das Bild der Kulturlandschaft pr\u00e4gen, gilt ebenso die Aufmerksamkeit wie Kriegen und dem demografischen und wirtschaftlichen Wandel. Historische B\u00fccher mit fr\u00fchen Landschaftsbeschreibungen, H\u00fctten- und G\u00e4steb\u00fccher, Karten und Fotografien dokumentieren das Aufkommen und die Entwicklung des Tourismus im 19. Jahrhundert, die nicht zuletzt beeinflusst waren durch die vielf\u00e4ltigen Bestrebungen des Rh\u00f6nklubs, der an der Ausstellung beteiligt ist.<\/p>\n<p>\u201eDas Land der offenen Fernen\u201c\u00c2\u00a0 im Spiegel von Malerei und Fotografie<\/p>\n<p><a href=\"http:\/\/www.fuldaer-nachrichten.de\/wp-content\/uploads\/2015\/06\/Kreyfelt.jpg\"><img loading=\"lazy\" decoding=\"async\" class=\"alignleft size-thumbnail wp-image-140250\" src=\"http:\/\/www.fuldaer-nachrichten.de\/wp-content\/uploads\/2015\/06\/Kreyfelt-265x160.jpg\" alt=\"Kreyfelt\" width=\"265\" height=\"160\" srcset=\"https:\/\/www.fuldaernachrichten.de\/wp-content\/uploads\/2015\/06\/Kreyfelt-265x160.jpg 265w, https:\/\/www.fuldaernachrichten.de\/wp-content\/uploads\/2015\/06\/Kreyfelt-600x362.jpg 600w, https:\/\/www.fuldaernachrichten.de\/wp-content\/uploads\/2015\/06\/Kreyfelt.jpg 896w\" sizes=\"(max-width: 265px) 100vw, 265px\" \/><\/a>Wie Maler die Rh\u00f6n gesehen haben, spiegelt die Abteilung Kunstgeschichte wider. Diente die Landschaft noch im Barockzeitalter bestenfalls als Hintergrund von anderen Sujets, r\u00fcckt sie im 19. Jahrhundert in den Mittelpunkt der Betrachtung. 1858 kommt der Dresdner Maler Friedrich von Preller der J\u00fcngere mit seinem Mitsch\u00fcler Oswald Baumgarten nach Kleinsassen, das sich damals zur K\u00fcnstlerkolonie zu entwickeln begann. Kunstprofessoren der Akademien in Dresden, Weimar, D\u00fcsseldorf oder Karlsruhe entdecken mit ihren Studenten die Rh\u00f6n. Edmund Voiges und sp\u00e4ter Julius von Kreyfelt, die nacheinander Kleinsassen besuchten, wurden in der Rh\u00f6n sesshaft und betrieben die nun real existierende K\u00fcnstlerkolonie. Vor allem die Milseburg wurde zu einem besonders beliebten Motiv. Auch die K\u00fcnstler des folgenden 20. Jahrhunderts greifen den markanten Berg auf \u2013 darunter\u00c2\u00a0 der Expressionist Erich Heckel, Mitbegr\u00fcnder der K\u00fcnstlervereinigung \u201eDie Br\u00fccke\u201c, oder Hermann Eckert, der als Pionier der Rh\u00f6nfotografie gilt und eindrucksvolle Schwarz-Wei\u00df-Aufnahmen schuf.<\/p>\n<p>Experten unterschiedlicher Wissenschaftsdisziplinen haben den reichen Schatz regionaler Exponate gesichtet und die aussagest\u00e4rksten Ausstellungsst\u00fccke zusammengetragen. Ausgesuchte Leihgaben erg\u00e4nzen den Ausstellungsbestand zu einem breiten Spektrum, das eindrucksvoll die Facetten jener Quellen der Faszination Rh\u00f6n vor Augen f\u00fchrt. Beteiligt an der Pr\u00e4sentation der Kulturstadt Fulda sind neben dem Rh\u00f6nklub e.V., das Biosph\u00e4renreservat Rh\u00f6n, der Verein f\u00fcr Naturkunde Osthessen e.V. und die Kulturroute des Europarates VIA REGIA.<\/p>\n<p>Planetarium des Vonderau Museums Fulda pr\u00e4sentiert \u201eRH\u00d6NER STERNE\u201c<\/p>\n<p>Au\u00dferdem liefert ein umfangreiches Begleitprogramm aus Vortr\u00e4gen, Exkursionen und Mitmachaktionen zus\u00e4tzliche Attraktionen und Anregungen f\u00fcr die pers\u00f6nliche Auseinandersetzung mit der faszinierenden Landschaft Rh\u00f6n. Begleitend zur Ausstellung zeigt das Planetarium das Programm RH\u00d6NER STERNE. Mit zahlreichen 360-Grad-Panoramen entf\u00fchrt es die Besucher auf markante Rh\u00f6ner Berge im Laufe der Jahreszeiten und stellt dazu jeweils kurz den Sternenhimmel vor. Aktivit\u00e4ten zwischen Himmel und Erde wie Segelflug, die Konzerte im Radom und die N\u00e4chte der Poesie des 2014 verstorbenen Erz\u00e4hlers der Nacht Rudolf H. Herget werden ebenso ber\u00fccksichtigt wie der neue Sternenpark Rh\u00f6n. Die Texte des Programms stammen von Andreas Hippert, die Musik von Frank Tischer.<\/p>\n<p>Die Ausstellung \u201eDie Rh\u00f6n \u2013 Geschichte einer Landschaft\u201c wird finanziell unterst\u00fctzt vom Hessischen Ministerium f\u00fcr Wissenschaft und Kunst, dem Hessischen Museumsverband, der Sparkassenkulturstiftung Hessen-Th\u00fcringen und der Jubil\u00e4umsstiftung Sparkasse Fulda.<\/p>\n<p>Zur Ausstellung erscheinen zwei Publikationen: Zum einen ein reich illustrierter Katalog, zum anderen ein Tagungsband, der die wesentlichen Beitr\u00e4ge des Rh\u00f6n-Symposiums aus dem Jahr 2014 umfasst.<\/p>\n","protected":false},"excerpt":{"rendered":"<div class=\"tmnf_excerpt\"><p>Eine geheimnisvolle Faszination geht von der Rh\u00f6n aus. Mit ihrem rauen Charme l\u00e4dt die markante Mittelgebirgslandschaft im Herzen Deutschlands Naturliebhaber und Kulturinteressierte aus nah und fern zu erlebnisreichen Ausfl\u00fcgen im Dreil\u00e4ndereck zwischen Hessen, Bayern und Th\u00fcringen ein. Bei ausgiebigen Wanderungen er\u00f6ffnen sich dem Betrachter immer neue Blicke in \u201eDas Land der offenen Fernen\u201c \u2013 malerische &hellip;<\/p>\n<\/div>","protected":false},"author":1,"featured_media":140249,"comment_status":"closed","ping_status":"closed","sticky":false,"template":"","format":"standard","meta":{"footnotes":""},"categories":[1,44,52],"tags":[],"class_list":["post-140247","post","type-post","status-publish","format-standard","has-post-thumbnail","hentry","category-startseite","category-kultur","category-umwelt"],"_links":{"self":[{"href":"https:\/\/www.fuldaernachrichten.de\/index.php?rest_route=\/wp\/v2\/posts\/140247","targetHints":{"allow":["GET"]}}],"collection":[{"href":"https:\/\/www.fuldaernachrichten.de\/index.php?rest_route=\/wp\/v2\/posts"}],"about":[{"href":"https:\/\/www.fuldaernachrichten.de\/index.php?rest_route=\/wp\/v2\/types\/post"}],"author":[{"embeddable":true,"href":"https:\/\/www.fuldaernachrichten.de\/index.php?rest_route=\/wp\/v2\/users\/1"}],"replies":[{"embeddable":true,"href":"https:\/\/www.fuldaernachrichten.de\/index.php?rest_route=%2Fwp%2Fv2%2Fcomments&post=140247"}],"version-history":[{"count":1,"href":"https:\/\/www.fuldaernachrichten.de\/index.php?rest_route=\/wp\/v2\/posts\/140247\/revisions"}],"predecessor-version":[{"id":140254,"href":"https:\/\/www.fuldaernachrichten.de\/index.php?rest_route=\/wp\/v2\/posts\/140247\/revisions\/140254"}],"wp:featuredmedia":[{"embeddable":true,"href":"https:\/\/www.fuldaernachrichten.de\/index.php?rest_route=\/wp\/v2\/media\/140249"}],"wp:attachment":[{"href":"https:\/\/www.fuldaernachrichten.de\/index.php?rest_route=%2Fwp%2Fv2%2Fmedia&parent=140247"}],"wp:term":[{"taxonomy":"category","embeddable":true,"href":"https:\/\/www.fuldaernachrichten.de\/index.php?rest_route=%2Fwp%2Fv2%2Fcategories&post=140247"},{"taxonomy":"post_tag","embeddable":true,"href":"https:\/\/www.fuldaernachrichten.de\/index.php?rest_route=%2Fwp%2Fv2%2Ftags&post=140247"}],"curies":[{"name":"wp","href":"https:\/\/api.w.org\/{rel}","templated":true}]}}