{"id":140220,"date":"2015-06-22T19:16:43","date_gmt":"2015-06-22T17:16:43","guid":{"rendered":"http:\/\/www.fuldaer-nachrichten.de\/?p=140220"},"modified":"2015-06-22T19:16:43","modified_gmt":"2015-06-22T17:16:43","slug":"gelebte-integration-von-fluechtlingen-in-flieden-rueckers-hilfe-vor-ort-besser-als-sonntagsreden","status":"publish","type":"post","link":"https:\/\/www.fuldaernachrichten.de\/?p=140220","title":{"rendered":"Gelebte Integration von Fl\u00fcchtlingen in Flieden-R\u00fcckers &#8211; Hilfe vor Ort besser als \u201eSonntagsreden\u201c"},"content":{"rendered":"<p>Anl\u00e4sslich des 50-j\u00e4hrigen Bestehens des SPD-Ortsvereins R\u00fcckers hatten die Verantwortlichen zu einem Sommer- und Familienfest in das Sporthaus der SG Rot- Wei\u00df R\u00fcckers eingeladen. Als ein Schwerpunkt des Tages standen nach einem hausgemachten Mittagessen und Grillgerichten insbesondere die Kindebelustigung mit Kinderschminken und eine Kinderolympiade auf dem Programm, die von der Jugendabteilung des Sportvereins unter Leitung von Christoph Ramerth organisiert und auf dem Sportplatz durchgef\u00fchrt wurde.<\/p>\n<p>Zu diesem Freizeitspa\u00df hatten die Mitglieder der \u00f6rtlichen SPD die neu in R\u00fcckers angekommenen Fl\u00fcchtlinge unter Mithilfe von Ortsvorsteher Peter Auth eingeladen. So waren zahlreiche Kinder mit ihren Eltern und Verwandten aus Syrien, Albanien und Tschetschenien zu dem Fest gekommen, um zusammen mit R\u00fcckerser Kindern bei der\u00c2\u00a0 Kinderolympiade mitzumachen.<\/p>\n<p>Nachdem sich die kleinen G\u00e4ste beim Mittagessen und am Kuchenbuffet gest\u00e4rkt hatten, beteiligten sie sich mit viel Elan an den verschiedenen sportlichen Disziplinen. Vorsitzender Winfried Kre\u00df hatte vorher die internationalen G\u00e4ste begr\u00fc\u00dft\u00c2\u00a0 und eindringlich darauf hingewiesen, dass das Bild, das verschiedene Medien in den letzten Monaten \u00fcber das Dorf\u00c2\u00a0 R\u00fcckers verbreitet hatten, zum gr\u00f6\u00dften Teil falsch waren.<\/p>\n<p>So konnte er berichten, dass sich \u201eder Fall Mariengrotte\u201c genauso aufgekl\u00e4rt hat, wie es fast alle B\u00fcrger vermutet hatten, n\u00e4mlich dass es sich um einen \u201eDumme-Jungen-Streich\u201c eines 10-j\u00e4hrigen gehandelt hat. Diese Tatsache wurde absolut glaubhaft versichert, so dass daran kein Zweifel mehr besteht und es sich also nicht um rechtsradikale Schmierereien handelte, die etwa von Neonazis begangen wurden. Bei seiner Begr\u00fc\u00dfung konnte sich Vorsitzender Kre\u00df des R\u00fcckerser B\u00fcrgers Karim Souki als Dolmetscher bedienen, der aus Tunesien stammt und seit vielen Jahren mit seiner deutschen Frau und Familie in R\u00fcckers beheimatet ist.<\/p>\n<p>Selbstverst\u00e4ndlich waren die asylsuchenden Fl\u00fcchtlinge auch kostenfrei vom SPD-Ortsverein R\u00fcckers zu Speisen und Getr\u00e4nken eingeladen, wobei sie w\u00e4hrend ihres Aufenthalts auf dem Fest von Ortsvorsteher Peter Auth betreut wurden.<\/p>\n<p>B\u00fcrgermeister Christian Henkel betonte in seinem Gru\u00dfwort, dass diese Art der menschlichen Begegnung und des Miteinanders vorbildhaft sei und man so die Integration der Fl\u00fcchtlinge nachahmenswert betreibe, statt\u00c2\u00a0 Grenzen und Barrieren aufzubauen.<\/p>\n<p>B\u00fcrgermeister Henkel verwies in seinem Gru\u00dfwort genau wie Vorsitzender Kre\u00df auf die\u00c2\u00a0 am kommenden Dienstag, den 23.06.15 um 19.00 Uhr\u00c2\u00a0 stattfindende Zusammenkunft zwecks Bildung eines \u201eArbeitskreises Asyl\u201c\u00c2\u00a0 im B\u00fcrgerhaus R\u00fcckers, zu dem Gemeinde und Ortsbeirat alle \u00f6rtlichen Vereine und Verb\u00e4nde eingeladen haben.<\/p>\n<p>Beide sprachen einen gro\u00dfen Dank f\u00fcr das Engagement von Ortsvorsteher Peter Auth aus, der sich vor Ort intensiv um die Belange der \u201eR\u00fcckerser Neub\u00fcrger\u201c k\u00fcmmere. In einem weiteren Gru\u00dfwort zollte Landtagsabgeordnete und SPD-Unterbezirksvorsitzende Sabine Waschke dem Ortsverein R\u00fcckers Lob und Anerkennung f\u00fcr die gelebte Integration im Ort, die besser sei, als alle \u201eSonntagsreden\u201c zum Thema Asylsuchende und Fl\u00fcchtlinge.\u00c2\u00a0\u00c2\u00a0\u00c2\u00a0\u00c2\u00a0\u00c2\u00a0 Dass die Thematik in der Politik intensiv diskutiert werde, sei zwar gut und richtig, allerdings bem\u00e4ngelte sie die unzureichende Finanzausstattung seitens des Landes gegen\u00fcber den betroffenen Kommunen und Landkreisen.<\/p>\n<p>Nach der Beendigung der Kinderolympiade bekam jedes Kind von SGR-Jugendleiter Christoph Ramerth und Vorsitzendem Winfried Kre\u00df je eine Teilnehmermedaille ausgeh\u00e4ndigt , \u00fcber die sich alle genauso freuten wie \u00fcber die Siegerfotos.<\/p>\n<p>Mit den Kl\u00e4ngen der \u201eSteinkammer-Alphornbl\u00e4ser\u201c und der Bl\u00e4sergruppe \u201eQuer Beet\u201c aus den Reihen des DRK-Spielmanns- und Fanfarenzugs R\u00fcckers klang ein gelungener Tag aus, den\u00c2\u00a0 alle Aktiven und den &#8211; trotz des nicht immer optimalen Wetters \u2013 auch die zahlreichen Besucher nach eigenem Bekunden \u00fcbereinstimmend als sehr gelungen empfunden hatten.<\/p>\n","protected":false},"excerpt":{"rendered":"<div class=\"tmnf_excerpt\"><p>Anl\u00e4sslich des 50-j\u00e4hrigen Bestehens des SPD-Ortsvereins R\u00fcckers hatten die Verantwortlichen zu einem Sommer- und Familienfest in das Sporthaus der SG Rot- Wei\u00df R\u00fcckers eingeladen. Als ein Schwerpunkt des Tages standen nach einem hausgemachten Mittagessen und Grillgerichten insbesondere die Kindebelustigung mit Kinderschminken und eine Kinderolympiade auf dem Programm, die von der Jugendabteilung des Sportvereins unter Leitung &hellip;<\/p>\n<\/div>","protected":false},"author":1,"featured_media":140223,"comment_status":"closed","ping_status":"closed","sticky":false,"template":"","format":"standard","meta":{"footnotes":""},"categories":[1,29],"tags":[],"class_list":["post-140220","post","type-post","status-publish","format-standard","has-post-thumbnail","hentry","category-startseite","category-politik"],"_links":{"self":[{"href":"https:\/\/www.fuldaernachrichten.de\/index.php?rest_route=\/wp\/v2\/posts\/140220","targetHints":{"allow":["GET"]}}],"collection":[{"href":"https:\/\/www.fuldaernachrichten.de\/index.php?rest_route=\/wp\/v2\/posts"}],"about":[{"href":"https:\/\/www.fuldaernachrichten.de\/index.php?rest_route=\/wp\/v2\/types\/post"}],"author":[{"embeddable":true,"href":"https:\/\/www.fuldaernachrichten.de\/index.php?rest_route=\/wp\/v2\/users\/1"}],"replies":[{"embeddable":true,"href":"https:\/\/www.fuldaernachrichten.de\/index.php?rest_route=%2Fwp%2Fv2%2Fcomments&post=140220"}],"version-history":[{"count":1,"href":"https:\/\/www.fuldaernachrichten.de\/index.php?rest_route=\/wp\/v2\/posts\/140220\/revisions"}],"predecessor-version":[{"id":140224,"href":"https:\/\/www.fuldaernachrichten.de\/index.php?rest_route=\/wp\/v2\/posts\/140220\/revisions\/140224"}],"wp:featuredmedia":[{"embeddable":true,"href":"https:\/\/www.fuldaernachrichten.de\/index.php?rest_route=\/wp\/v2\/media\/140223"}],"wp:attachment":[{"href":"https:\/\/www.fuldaernachrichten.de\/index.php?rest_route=%2Fwp%2Fv2%2Fmedia&parent=140220"}],"wp:term":[{"taxonomy":"category","embeddable":true,"href":"https:\/\/www.fuldaernachrichten.de\/index.php?rest_route=%2Fwp%2Fv2%2Fcategories&post=140220"},{"taxonomy":"post_tag","embeddable":true,"href":"https:\/\/www.fuldaernachrichten.de\/index.php?rest_route=%2Fwp%2Fv2%2Ftags&post=140220"}],"curies":[{"name":"wp","href":"https:\/\/api.w.org\/{rel}","templated":true}]}}