{"id":140219,"date":"2015-06-22T19:15:00","date_gmt":"2015-06-22T17:15:00","guid":{"rendered":"http:\/\/www.fuldaer-nachrichten.de\/?p=140219"},"modified":"2015-06-22T19:15:15","modified_gmt":"2015-06-22T17:15:15","slug":"mehr-entlastung-fuer-familien","status":"publish","type":"post","link":"https:\/\/www.fuldaernachrichten.de\/?p=140219","title":{"rendered":"Mehr Entlastung f\u00fcr Familien!"},"content":{"rendered":"<p>Der Familienbund der Katholiken unterst\u00fctzt die j\u00fcngsten Vorschl\u00e4ge aus der CDU, Familien finanziell st\u00e4rker zu entlasten. \u201eFamilien sichern die Zukunft unserer Gesellschaft! Es ist dringend notwendig, ihre wirtschaftliche Basis zu st\u00e4rken und damit auch ihre Leistungen f\u00fcr die Gesellschaft besser zu honorieren. Familien m\u00fcssen deshalb bei Steuern und bei den Beitr\u00e4gen zur Sozialversicherung deutlich finanziell entlastet werden\u201c, sagte Hubert Schulte, hessischer Landesvorsitzender des Familienbundes der Katholiken heute in Fulda.<\/p>\n<p>Vor allem in den sozialen Sicherungssystemen sieht der Familienbund Reformbedarf. Familien leisten derzeit doppelte Beitr\u00e4ge zur gesetzliche Kranken-, Renten- und Pflegeversicherung \u2013 generativ durch die Erziehung ihrer Kinder und finanziell durch Geldbeitr\u00e4ge. \u201eDas werden wir nicht l\u00e4nger hinnehmen!\u201c, sagte Hubert Schulte. Der Familienbund der Katholiken fordert deshalb gemeinsam mit dem Deutschen Familienverband in seiner Kampagne \u201eWir jammern nicht, wir klagen!\u201c eine Senkung der Sozialversicherungsbeitr\u00e4ge f\u00fcr Familien. 2001 hat das Bundesverfassungsgericht im Pflegeversicherungsurteil\u00c2\u00a0entschieden, dass Eltern verfassungswidrig belastet werden, weil neben den\u00c2\u00a0Geldbeitr\u00e4gen der gleichwertige Erziehungsbeitrag nicht ber\u00fccksichtigt wird.<\/p>\n<p>Der Familienbund unterst\u00fctzt au\u00dferdem die Forderung der Jungen Union nach h\u00f6heren Steuerfreibetr\u00e4gen f\u00fcr Kinder und einer Senkung der Mehrwertsteuer auf Kinderprodukte. Der Familienbund fordert grunds\u00e4tzlich die Anhebung des Kinderfreibetrages auf das Niveau der Erwachsenen und die entsprechende Erh\u00f6hung des Kindergeldes.<\/p>\n<p>Die Kampagne \u201eWir jammern nicht \u2013 wir klagen!\u201c mobilisiert Familien, sich gegen zu viel erhobene Beitr\u00e4ge zu wehren. Eltern sind aufgefordert, bei ihrer Krankenkasse Widerspruch gegen die Beitragsh\u00f6he in der Gesetzlichen Pflege-, Renten- und Krankenversicherung einzulegen. Der Familienbund der Katholiken und der Deutsche Familienverband unterst\u00fctzen die Aktion mit juristisch gepr\u00fcften Muster-Einspr\u00fcchen und Muster-Klagen. Derzeit stehen drei Musterklagen vor dem Bundessozialgericht, eine Entscheidung wird in einer Verhandlung am 30. September in Kassel erwartet. Mehr Informationen finden Sie hier: www.elternklagen.de.<\/p>\n","protected":false},"excerpt":{"rendered":"<div class=\"tmnf_excerpt\"><p>Der Familienbund der Katholiken unterst\u00fctzt die j\u00fcngsten Vorschl\u00e4ge aus der CDU, Familien finanziell st\u00e4rker zu entlasten. \u201eFamilien sichern die Zukunft unserer Gesellschaft! Es ist dringend notwendig, ihre wirtschaftliche Basis zu st\u00e4rken und damit auch ihre Leistungen f\u00fcr die Gesellschaft besser zu honorieren. Familien m\u00fcssen deshalb bei Steuern und bei den Beitr\u00e4gen zur Sozialversicherung deutlich finanziell &hellip;<\/p>\n<\/div>","protected":false},"author":1,"featured_media":140221,"comment_status":"closed","ping_status":"closed","sticky":false,"template":"","format":"standard","meta":{"footnotes":""},"categories":[1,50],"tags":[],"class_list":["post-140219","post","type-post","status-publish","format-standard","has-post-thumbnail","hentry","category-startseite","category-kirche"],"_links":{"self":[{"href":"https:\/\/www.fuldaernachrichten.de\/index.php?rest_route=\/wp\/v2\/posts\/140219","targetHints":{"allow":["GET"]}}],"collection":[{"href":"https:\/\/www.fuldaernachrichten.de\/index.php?rest_route=\/wp\/v2\/posts"}],"about":[{"href":"https:\/\/www.fuldaernachrichten.de\/index.php?rest_route=\/wp\/v2\/types\/post"}],"author":[{"embeddable":true,"href":"https:\/\/www.fuldaernachrichten.de\/index.php?rest_route=\/wp\/v2\/users\/1"}],"replies":[{"embeddable":true,"href":"https:\/\/www.fuldaernachrichten.de\/index.php?rest_route=%2Fwp%2Fv2%2Fcomments&post=140219"}],"version-history":[{"count":1,"href":"https:\/\/www.fuldaernachrichten.de\/index.php?rest_route=\/wp\/v2\/posts\/140219\/revisions"}],"predecessor-version":[{"id":140222,"href":"https:\/\/www.fuldaernachrichten.de\/index.php?rest_route=\/wp\/v2\/posts\/140219\/revisions\/140222"}],"wp:featuredmedia":[{"embeddable":true,"href":"https:\/\/www.fuldaernachrichten.de\/index.php?rest_route=\/wp\/v2\/media\/140221"}],"wp:attachment":[{"href":"https:\/\/www.fuldaernachrichten.de\/index.php?rest_route=%2Fwp%2Fv2%2Fmedia&parent=140219"}],"wp:term":[{"taxonomy":"category","embeddable":true,"href":"https:\/\/www.fuldaernachrichten.de\/index.php?rest_route=%2Fwp%2Fv2%2Fcategories&post=140219"},{"taxonomy":"post_tag","embeddable":true,"href":"https:\/\/www.fuldaernachrichten.de\/index.php?rest_route=%2Fwp%2Fv2%2Ftags&post=140219"}],"curies":[{"name":"wp","href":"https:\/\/api.w.org\/{rel}","templated":true}]}}