{"id":140209,"date":"2015-06-22T16:07:45","date_gmt":"2015-06-22T14:07:45","guid":{"rendered":"http:\/\/www.fuldaer-nachrichten.de\/?p=140209"},"modified":"2015-06-22T16:07:45","modified_gmt":"2015-06-22T14:07:45","slug":"noch-freie-plaetze-bei-veranstaltungen-des-jugendbildungswerks-naturerleben-und-festspiele","status":"publish","type":"post","link":"https:\/\/www.fuldaernachrichten.de\/?p=140209","title":{"rendered":"Noch freie Pl\u00e4tze bei Veranstaltungen des Jugendbildungswerks &#8211; Naturerleben und Festspiele"},"content":{"rendered":"<p>Beim Naturerlebnis-Wochenende des Jugendbildungswerks f\u00fcr Zehn- bis Zw\u00f6lfj\u00e4hrige in der Jugendherberge Rodholz vom 3. bis 5. Juli sowie bei der Fahrt f\u00fcr 15- bis 18-J\u00e4hrige zu den Bad Hersfelder Festspielen (\u201eMusical Cabaret\u201c) am 17. Juli sind noch Pl\u00e4tze frei. Info und Anmeldung unter Telefon (0661)6006-498 oder -427, E-Mail jugend@landkreis-fulda.de.<\/p>\n","protected":false},"excerpt":{"rendered":"<div class=\"tmnf_excerpt\"><p>Beim Naturerlebnis-Wochenende des Jugendbildungswerks f\u00fcr Zehn- bis Zw\u00f6lfj\u00e4hrige in der Jugendherberge Rodholz vom 3. bis 5. Juli sowie bei der Fahrt f\u00fcr 15- bis 18-J\u00e4hrige zu den Bad Hersfelder Festspielen (\u201eMusical Cabaret\u201c) am 17. Juli sind noch Pl\u00e4tze frei. Info und Anmeldung unter Telefon (0661)6006-498 oder -427, E-Mail jugend@landkreis-fulda.de.<\/p>\n<\/div>","protected":false},"author":1,"featured_media":0,"comment_status":"closed","ping_status":"closed","sticky":false,"template":"","format":"standard","meta":{"footnotes":""},"categories":[1],"tags":[],"class_list":["post-140209","post","type-post","status-publish","format-standard","hentry","category-startseite"],"_links":{"self":[{"href":"https:\/\/www.fuldaernachrichten.de\/index.php?rest_route=\/wp\/v2\/posts\/140209","targetHints":{"allow":["GET"]}}],"collection":[{"href":"https:\/\/www.fuldaernachrichten.de\/index.php?rest_route=\/wp\/v2\/posts"}],"about":[{"href":"https:\/\/www.fuldaernachrichten.de\/index.php?rest_route=\/wp\/v2\/types\/post"}],"author":[{"embeddable":true,"href":"https:\/\/www.fuldaernachrichten.de\/index.php?rest_route=\/wp\/v2\/users\/1"}],"replies":[{"embeddable":true,"href":"https:\/\/www.fuldaernachrichten.de\/index.php?rest_route=%2Fwp%2Fv2%2Fcomments&post=140209"}],"version-history":[{"count":1,"href":"https:\/\/www.fuldaernachrichten.de\/index.php?rest_route=\/wp\/v2\/posts\/140209\/revisions"}],"predecessor-version":[{"id":140210,"href":"https:\/\/www.fuldaernachrichten.de\/index.php?rest_route=\/wp\/v2\/posts\/140209\/revisions\/140210"}],"wp:attachment":[{"href":"https:\/\/www.fuldaernachrichten.de\/index.php?rest_route=%2Fwp%2Fv2%2Fmedia&parent=140209"}],"wp:term":[{"taxonomy":"category","embeddable":true,"href":"https:\/\/www.fuldaernachrichten.de\/index.php?rest_route=%2Fwp%2Fv2%2Fcategories&post=140209"},{"taxonomy":"post_tag","embeddable":true,"href":"https:\/\/www.fuldaernachrichten.de\/index.php?rest_route=%2Fwp%2Fv2%2Ftags&post=140209"}],"curies":[{"name":"wp","href":"https:\/\/api.w.org\/{rel}","templated":true}]}}