{"id":140207,"date":"2015-06-22T16:08:32","date_gmt":"2015-06-22T14:08:32","guid":{"rendered":"http:\/\/www.fuldaer-nachrichten.de\/?p=140207"},"modified":"2015-06-22T16:08:32","modified_gmt":"2015-06-22T14:08:32","slug":"bundesweiter-tag-der-architektur-am-27-und-28-juni-mit-zwei-architekturbueros-aus-dem-landkreis-fulda","status":"publish","type":"post","link":"https:\/\/www.fuldaernachrichten.de\/?p=140207","title":{"rendered":"Bundesweiter \u201eTag der Architektur\u201c am 27. und 28. Juni mit zwei Architekturb\u00fcros aus dem Landkreis Fulda"},"content":{"rendered":"<p>Am 27. und 28. Juni ist es wieder soweit: Unter dem bundesweiten Motto \u201eArchitektur hat Bestand\u201c l\u00e4dt die Architekten- und Stadtplanerkammer Hessen dazu ein, Baukultur in Hessen zu entdecken.<\/p>\n<p>Die insgesamt 141 gezeigten Projekte reichen von Wohngeb\u00e4uden \u00fcber Schulen, Verwaltungs- und Industriebauten bis hin zu Kulturbauten und T\u00fcrmen. Aus dem Landkreis Fulda beteiligen sich das Architekturb\u00fcro Staubach und Partner mit dem Umbau der Sparkassenfiliale am Wallweg in Fulda und das Architekturb\u00fcro Sturm und Wartzeck mit dem Neubau einer Wohnsiedlung in Poppenhausen am Tag der Architektur.<\/p>\n<p>1995 wurde der Tag der Architektur erstmals durchgef\u00fchrt. Gemeinsam mit Rheinland-Pfalz, Saarland und Th\u00fcringen war Hessen Vorreiter bei der Konzeption und Durchf\u00fchrung der Veranstaltung. Qualifizierte Fachleute w\u00e4hlen in jedem Jahr die Bauten und Objekten aus und stellen ein m\u00f6glichst ausgewogenes Programm zusammen. Im letzten Jahr wurden hessenweit \u00fcber 12.000 Besucher gez\u00e4hlt. Weitere Info unter www.akh-tda.de.<\/p>\n","protected":false},"excerpt":{"rendered":"<div class=\"tmnf_excerpt\"><p>Am 27. und 28. Juni ist es wieder soweit: Unter dem bundesweiten Motto \u201eArchitektur hat Bestand\u201c l\u00e4dt die Architekten- und Stadtplanerkammer Hessen dazu ein, Baukultur in Hessen zu entdecken. Die insgesamt 141 gezeigten Projekte reichen von Wohngeb\u00e4uden \u00fcber Schulen, Verwaltungs- und Industriebauten bis hin zu Kulturbauten und T\u00fcrmen. Aus dem Landkreis Fulda beteiligen sich das &hellip;<\/p>\n<\/div>","protected":false},"author":1,"featured_media":0,"comment_status":"closed","ping_status":"closed","sticky":false,"template":"","format":"standard","meta":{"footnotes":""},"categories":[1],"tags":[],"class_list":["post-140207","post","type-post","status-publish","format-standard","hentry","category-startseite"],"_links":{"self":[{"href":"https:\/\/www.fuldaernachrichten.de\/index.php?rest_route=\/wp\/v2\/posts\/140207","targetHints":{"allow":["GET"]}}],"collection":[{"href":"https:\/\/www.fuldaernachrichten.de\/index.php?rest_route=\/wp\/v2\/posts"}],"about":[{"href":"https:\/\/www.fuldaernachrichten.de\/index.php?rest_route=\/wp\/v2\/types\/post"}],"author":[{"embeddable":true,"href":"https:\/\/www.fuldaernachrichten.de\/index.php?rest_route=\/wp\/v2\/users\/1"}],"replies":[{"embeddable":true,"href":"https:\/\/www.fuldaernachrichten.de\/index.php?rest_route=%2Fwp%2Fv2%2Fcomments&post=140207"}],"version-history":[{"count":1,"href":"https:\/\/www.fuldaernachrichten.de\/index.php?rest_route=\/wp\/v2\/posts\/140207\/revisions"}],"predecessor-version":[{"id":140213,"href":"https:\/\/www.fuldaernachrichten.de\/index.php?rest_route=\/wp\/v2\/posts\/140207\/revisions\/140213"}],"wp:attachment":[{"href":"https:\/\/www.fuldaernachrichten.de\/index.php?rest_route=%2Fwp%2Fv2%2Fmedia&parent=140207"}],"wp:term":[{"taxonomy":"category","embeddable":true,"href":"https:\/\/www.fuldaernachrichten.de\/index.php?rest_route=%2Fwp%2Fv2%2Fcategories&post=140207"},{"taxonomy":"post_tag","embeddable":true,"href":"https:\/\/www.fuldaernachrichten.de\/index.php?rest_route=%2Fwp%2Fv2%2Ftags&post=140207"}],"curies":[{"name":"wp","href":"https:\/\/api.w.org\/{rel}","templated":true}]}}