{"id":140206,"date":"2015-06-22T16:07:20","date_gmt":"2015-06-22T14:07:20","guid":{"rendered":"http:\/\/www.fuldaer-nachrichten.de\/?p=140206"},"modified":"2015-06-22T16:07:20","modified_gmt":"2015-06-22T14:07:20","slug":"hackerangriff-auf-zulassungsbehoerden-in-zwei-bundeslaendern-am-montag-auch-vogelsbergkreis-war-betroffen","status":"publish","type":"post","link":"https:\/\/www.fuldaernachrichten.de\/?p=140206","title":{"rendered":"Hackerangriff auf Zulassungsbeh\u00f6rden in zwei Bundesl\u00e4ndern am Montag &#8211; Auch Vogelsbergkreis war betroffen"},"content":{"rendered":"<p>In den fr\u00fchen Morgenstunden des 22. Juni haben Unberechtigte einen Hackerangriff auf hessische und rheinland-pf\u00e4lzische Zulassungsbeh\u00f6rden ausge\u00fcbt. Die betroffenen Rechenzentren in Hessen und Rheinland-Pfalz haben aus Sicherheitsgr\u00fcnden die Anwendungen und Server unverz\u00fcglich und vorsorglich vom Netz genommen.<\/p>\n<p>Auch alle Zulassungsstellen im Vogelsbergkreis waren am Montag betroffen \u2013 alle Kundinnen und Kunden konnten bis 14.30 Uhr nicht bedient werden, teilt Kreispressesprecher Erich Ruhl mit. Am Nachmittag teilte die ekom21 mit, dass die Systeme wieder ordnungsgem\u00e4\u00df laufen; mit einer einzigen Ausnahme: Wunschkennzeichen-Reservierungen \u00fcbers Internet k\u00f6nnen noch nicht vorgenommen werden.<\/p>\n<p>Die betroffenen Systeme wurden sofort isoliert und gesperrt. Spezialisten-Teams in Hessen und Rheinland-Pfalz stellten die Betriebsbereitschaft wieder her. Das Landeskriminalamt und das Kompetenzzentrum des Landes Hessen f\u00fcr Cybersicherheit wurden eingeschaltet. Strafanzeige wurde erstattet.<\/p>\n<p>Die ekom21<br \/>\n\u201eekom21\u201c steht f\u00fcr das gr\u00f6\u00dfte kommunale Dienstleistungsunternehmen in Hessen und f\u00fcr stetig weiterentwickelte Erfahrung seit 1970. Hervorgegangen aus den Kommunalen Gebietsrechenzentren bietet die ekom21 heute ein umfangreiches Produkt- und Dienstleistungsportfolio an.<\/p>\n<p>Insgesamt betreut die ekom21 mehr als 30.000 Anwender aus rund 700 Verwaltungen und hat sich auf Komplettl\u00f6sungen f\u00fcr den \u00f6ffentlichen Dienst spezialisiert. Sitz der ekom21 ist Gie\u00dfen; weitere Standorte befinden sich in Darmstadt und Kassel.<\/p>\n","protected":false},"excerpt":{"rendered":"<div class=\"tmnf_excerpt\"><p>In den fr\u00fchen Morgenstunden des 22. Juni haben Unberechtigte einen Hackerangriff auf hessische und rheinland-pf\u00e4lzische Zulassungsbeh\u00f6rden ausge\u00fcbt. Die betroffenen Rechenzentren in Hessen und Rheinland-Pfalz haben aus Sicherheitsgr\u00fcnden die Anwendungen und Server unverz\u00fcglich und vorsorglich vom Netz genommen. Auch alle Zulassungsstellen im Vogelsbergkreis waren am Montag betroffen \u2013 alle Kundinnen und Kunden konnten bis 14.30 Uhr &hellip;<\/p>\n<\/div>","protected":false},"author":1,"featured_media":0,"comment_status":"closed","ping_status":"closed","sticky":false,"template":"","format":"standard","meta":{"footnotes":""},"categories":[1],"tags":[],"class_list":["post-140206","post","type-post","status-publish","format-standard","hentry","category-startseite"],"_links":{"self":[{"href":"https:\/\/www.fuldaernachrichten.de\/index.php?rest_route=\/wp\/v2\/posts\/140206","targetHints":{"allow":["GET"]}}],"collection":[{"href":"https:\/\/www.fuldaernachrichten.de\/index.php?rest_route=\/wp\/v2\/posts"}],"about":[{"href":"https:\/\/www.fuldaernachrichten.de\/index.php?rest_route=\/wp\/v2\/types\/post"}],"author":[{"embeddable":true,"href":"https:\/\/www.fuldaernachrichten.de\/index.php?rest_route=\/wp\/v2\/users\/1"}],"replies":[{"embeddable":true,"href":"https:\/\/www.fuldaernachrichten.de\/index.php?rest_route=%2Fwp%2Fv2%2Fcomments&post=140206"}],"version-history":[{"count":1,"href":"https:\/\/www.fuldaernachrichten.de\/index.php?rest_route=\/wp\/v2\/posts\/140206\/revisions"}],"predecessor-version":[{"id":140208,"href":"https:\/\/www.fuldaernachrichten.de\/index.php?rest_route=\/wp\/v2\/posts\/140206\/revisions\/140208"}],"wp:attachment":[{"href":"https:\/\/www.fuldaernachrichten.de\/index.php?rest_route=%2Fwp%2Fv2%2Fmedia&parent=140206"}],"wp:term":[{"taxonomy":"category","embeddable":true,"href":"https:\/\/www.fuldaernachrichten.de\/index.php?rest_route=%2Fwp%2Fv2%2Fcategories&post=140206"},{"taxonomy":"post_tag","embeddable":true,"href":"https:\/\/www.fuldaernachrichten.de\/index.php?rest_route=%2Fwp%2Fv2%2Ftags&post=140206"}],"curies":[{"name":"wp","href":"https:\/\/api.w.org\/{rel}","templated":true}]}}