{"id":140204,"date":"2015-06-22T16:07:00","date_gmt":"2015-06-22T14:07:00","guid":{"rendered":"http:\/\/www.fuldaer-nachrichten.de\/?p=140204"},"modified":"2015-06-22T16:07:00","modified_gmt":"2015-06-22T14:07:00","slug":"gottesdienst-mal-anders-bdkj-jugendgottesdienst-am-28-juni-2015","status":"publish","type":"post","link":"https:\/\/www.fuldaernachrichten.de\/?p=140204","title":{"rendered":"Gottesdienst mal anders &#8211; BDKJ-Jugendgottesdienst am 28. Juni 2015"},"content":{"rendered":"<p>Der Bund der Deutschen Katholischen Jugend (BDKJ) l\u00e4dt f\u00fcr Sonntag, 28.06.2015, um 18.30 Uhr zu einem Gottesdienst nicht nur f\u00fcr Jugendliche in die Pfarrkirche St. Paulus in Fulda (Goerdelerstra\u00dfe) ein. Zelebrant ist Ordinariatsrat Peter G\u00f6b, inhaltlich und musikalische wird der Gottesdienst von der J-GCL (Gemeinschaft Christlichen Lebens, Marienschule Fulda) gestaltet.<\/p>\n<p>Der Bund der Deutschen katholischen Jugend (BDKJ) im Bistum Fulda unterst\u00fctzt junge Menschen bei ihrer pers\u00f6nlichen Entwicklung und Wegfindung. Er bietet u.a. Bildungsurlaubs\u00c2\u00adseminare an und ist Tr\u00e4ger der Freiwilligendienste FSJ und BFD. Als Dachverband vertritt er bistumsweit in Kirche, Politik und Gesellschaft die Interessen von ca. 6400 Mitgliedern der katholischen Jugendverb\u00e4nde: DPSG (Deutsche Pfadfinderschaft St. Georg), JAA (Junge Aktion der Ackermanngemeinde), J-GCL (Jugendverb\u00e4nde der Gemeinschaft Christlichen Lebens), KjG (Kath. Junge Gemeinde), KLJB (Kath. Landjugendbewegung), KSJ (Kath. Studierende Jugend), Malteser Jugend und Kolpingjugend, sowie der DjK (Deutsche Jugendkraft) als Anschluss\u00c2\u00adverband.<\/p>\n","protected":false},"excerpt":{"rendered":"<div class=\"tmnf_excerpt\"><p>Der Bund der Deutschen Katholischen Jugend (BDKJ) l\u00e4dt f\u00fcr Sonntag, 28.06.2015, um 18.30 Uhr zu einem Gottesdienst nicht nur f\u00fcr Jugendliche in die Pfarrkirche St. Paulus in Fulda (Goerdelerstra\u00dfe) ein. Zelebrant ist Ordinariatsrat Peter G\u00f6b, inhaltlich und musikalische wird der Gottesdienst von der J-GCL (Gemeinschaft Christlichen Lebens, Marienschule Fulda) gestaltet. Der Bund der Deutschen katholischen &hellip;<\/p>\n<\/div>","protected":false},"author":1,"featured_media":0,"comment_status":"closed","ping_status":"closed","sticky":false,"template":"","format":"standard","meta":{"footnotes":""},"categories":[1,72,50],"tags":[],"class_list":["post-140204","post","type-post","status-publish","format-standard","hentry","category-startseite","category-jugend","category-kirche"],"_links":{"self":[{"href":"https:\/\/www.fuldaernachrichten.de\/index.php?rest_route=\/wp\/v2\/posts\/140204","targetHints":{"allow":["GET"]}}],"collection":[{"href":"https:\/\/www.fuldaernachrichten.de\/index.php?rest_route=\/wp\/v2\/posts"}],"about":[{"href":"https:\/\/www.fuldaernachrichten.de\/index.php?rest_route=\/wp\/v2\/types\/post"}],"author":[{"embeddable":true,"href":"https:\/\/www.fuldaernachrichten.de\/index.php?rest_route=\/wp\/v2\/users\/1"}],"replies":[{"embeddable":true,"href":"https:\/\/www.fuldaernachrichten.de\/index.php?rest_route=%2Fwp%2Fv2%2Fcomments&post=140204"}],"version-history":[{"count":1,"href":"https:\/\/www.fuldaernachrichten.de\/index.php?rest_route=\/wp\/v2\/posts\/140204\/revisions"}],"predecessor-version":[{"id":140205,"href":"https:\/\/www.fuldaernachrichten.de\/index.php?rest_route=\/wp\/v2\/posts\/140204\/revisions\/140205"}],"wp:attachment":[{"href":"https:\/\/www.fuldaernachrichten.de\/index.php?rest_route=%2Fwp%2Fv2%2Fmedia&parent=140204"}],"wp:term":[{"taxonomy":"category","embeddable":true,"href":"https:\/\/www.fuldaernachrichten.de\/index.php?rest_route=%2Fwp%2Fv2%2Fcategories&post=140204"},{"taxonomy":"post_tag","embeddable":true,"href":"https:\/\/www.fuldaernachrichten.de\/index.php?rest_route=%2Fwp%2Fv2%2Ftags&post=140204"}],"curies":[{"name":"wp","href":"https:\/\/api.w.org\/{rel}","templated":true}]}}