{"id":140196,"date":"2015-06-22T16:05:12","date_gmt":"2015-06-22T14:05:12","guid":{"rendered":"http:\/\/www.fuldaer-nachrichten.de\/?p=140196"},"modified":"2015-06-22T16:05:12","modified_gmt":"2015-06-22T14:05:12","slug":"50-jahre-kreuzkirche-fulda-wachsend-jung-und-innovativ","status":"publish","type":"post","link":"https:\/\/www.fuldaernachrichten.de\/?p=140196","title":{"rendered":"50 Jahre Kreuzkirche Fulda: \u201eWachsend, jung und innovativ\u201c"},"content":{"rendered":"<p>1938 wird ein ganzes Dorf aus der Rh\u00f6n umgesiedelt. Ab 2000 entsteht ein Neubaugebiet in Fulda. Eng mit beidem h\u00e4ngt auch die Wachstumsgeschichte der Evangelischen Kreuzkirche in Fulda-Neuenberg zusammen, die jetzt ihr 50-j\u00e4hriges Jubil\u00e4um feiert. In einem halben Jahrhundert wuchs die Gemeinde rasant, von 300 auf aktuell 2510 Gemeindeglieder.<\/p>\n<p>\u201eLobe den Herrn, meine Seele, und vergiss nicht, was er dir Gutes getan hat.\u201c Dieses Psalmwort w\u00e4hlte die Gemeinde f\u00fcr ihr Back- und Gemeindefest zum 50-j\u00e4hrigen Jubil\u00e4um unter dem Motto: Gemeinsam beten, singen, feiern!<\/p>\n<p>1965 wurde die Kreuzkirche von Dekan Dr. Schuster eingeweiht. Doch die Geschichte der Gemeinde reicht zur\u00fcck zur Aussiedlung der \u00fcberwiegend evangelischen Bewohner aus dem Dorf Dalherda im Jahr 1938. \u201eDie Aussiedler aus Dalherda sind gute Basis und der Motor der sp\u00e4teren Kreuzkirchengemeinde. In Kooperation mit dem \u00e2\u20ac\u0161M\u00e4nnergesangverein Bergeslust Fulda-West\u00e2\u20ac\u02dc, der auch eine lange Backfest-Tradition hat, und allen B\u00fcrgern aus Haimbach, Neuenberg, Fulda-Galerie und Hosenfeld feiern wir gemeinsam unser Fest\u201c, so Stefan B\u00fcrger, der seit 1998 Pfarrer der Gemeinde ist. Vorher hatte von 1983 an Burkhard Enners eine halbe Pfarrstelle bei der Anfang der 80ger Jahre gegr\u00fcndeten Gemeinde inne. Bis dahin war die Kreuzkirche von wechselnden Pfarrern der Christuskirche versorgt worden.<\/p>\n<p>Das Wachstum verdankt die Gemeinde dem Abzug der Amerikaner mit freiwerdendem Wohnraum, aber insbesondere dem Neubaugebiet Fulda-Galerie, das der Gemeinde 700 neue Glieder beschert, \u00fcberwiegend junge Familien. \u201eDie Kreuzkirche ist wachsend, jung und innovativ, hat ein hohes Ehrenamtlichen- und Spenderpotential\u201c, beschreibt Kirchenvorstandsvorsitzender Jens Czapek seine Kirchengemeinde. Mit im Schnitt 38 Jahren sind \u00fcber die H\u00e4lfte der Gemeinde unter 40 Jahren, jeder F\u00fcnfte ist ein Kind oder Jugendlicher.<\/p>\n<p>Seit zehn Jahren verfolgt der Kirchenvorstand ein besonderes Gottesdienstkonzept, das \u00fcber die Grenzen Fuldas hinaus bekannt ist. Der \u201eAAAndere Gottesdienst\u201c (Ausschlafen-Aufatmen-Aufeinander zugehen) erfreut sich zur 11-Uhr-Zeit monatlich gro\u00dfer Beliebtheit mit Bandmusik, Themenpredigten mit Videos und Pr\u00e4sentationen, sowie einem anschlie\u00dfenden Mittagsbuffet und parallelem Kindergottesdienst. Hier arbeiten allein etwa 30 Ehrenamtliche mit. 100 Freiwillige engagieren sich insgesamt beispielsweise in Besuchsdienst, Kreativteam, Kindergottesdienst oder Lauftreff.<\/p>\n<p>2013 hat die Gemeinde einen hessenweit einmaligen 200 m\u00c2\u00b2 gro\u00dfen Erweiterungsbau realisiert und eingeweiht. Mit achtmal so vielen Gemeindegliedern wie zur Gr\u00fcndungszeit, war man f\u00fcr gro\u00dfe Gottesdienste und Gemeindeveranstaltungen an seine r\u00e4umlichen Grenzen gekommen. Nur durch zahlreiche Spenden in einer Gesamth\u00f6he von 200.000 \u00e2\u201a\u00ac konnte das Konzept realisiert werden.<\/p>\n<p>\u201eZukunft bauen\u201c ist der Name des F\u00f6rdervereins der Gemeinde, der sich zum Fest mit zwei Jubil\u00e4umsweinen in rot und wei\u00df pr\u00e4sentiert. Unter dem Stichwort \u201eZukunft leben\u201c hat die Gemeinde bereits ein neues Projekt. Sie beteiligt sich an der Besch\u00e4ftigung eines Jugendreferenten des Kirchenkreises und muss auch daf\u00fcr j\u00e4hrlich 5.000 \u00e2\u201a\u00ac Personalkosten durch Spenden aufbringen. Jugendreferent Samuel K\u00fcmmel gestaltet Kinder- und Jugendgruppen in der Kreuzkirche, setzt sich in sozialer Not bei Kindern im Fuldaer Westen ein, motiviert und schult Ehrenamtliche.<\/p>\n<p>Innovativ ist die Gemeinde auch hier und hat als einzige Gemeinde im Umkreis, die M\u00f6glichkeit einer schnellen und sicheren Online-Spende (spende.kreuzkirche-fulda.de) geschaffen. Damit nicht genug: P\u00fcnktlich zum Fest wird eine komplette Umgestaltung ihrer Homepage pr\u00e4sentiert, die ebenfalls ehrenamtlich erfolgte. Gut 30-40 Besucher informieren sich dort bereits t\u00e4glich.<\/p>\n<p>Zum Festgottesdienst erwartet die Gemeinde hohen Besuch aus Kassel. Bischof Dr. Martin Hein wird die Festpredigt am Sonntag, 28. Juni 2015, im Gottesdienst, um 11.00 Uhr, halten, Dekan Bengt Seeberg mitgestalten. F\u00fcr Politik, Kirche, Wirtschaft und Vereine werden u.a. Oberb\u00fcrgermeister Gerhard M\u00f6ller und IHK-Pr\u00e4sident Bernhard Juchheim Gl\u00fcckw\u00fcnsche zum Kirchenjubil\u00e4um aussprechen. Ein Geburtstagsgeschenk, das jedem Freude macht, so ist es in der Einladung zu lesen, ist auch eine Spende f\u00fcr die Jugendarbeit der Kreuzkirche \u201eZukunft leben\u201c.<\/p>\n<p>Und das kann man den Menschen der Kreuzkirchengemeinde wohl auch bescheinigen: Sie leben und gestalten Zukunft und vergessen dabei nicht, Gott zu loben und zu danken. So hatte es Dekan Schuster bereits zum ersten Spatenstich der Kirche in 1961 gesagt, dass Gott gewiss an diesem Ort sei, wo die Steine zu einem Gotteshaus geschichtet w\u00fcrden, in dem die Alten ihre Zuflucht f\u00e4nden und die Kinder s\u00e4ngen und beteten.<\/p>\n<p>Gemeinsam beten, singen, feiern<\/p>\n<p>Programm<\/p>\n<p>Samstag, 27. Juni 2015<br \/>\n16.00 Uhr Konzert der Ch\u00f6re in der Kreuzkirche<br \/>\n(u.a. MGV Bergeslust, Rh\u00f6necho Tr\u00e4tzhof, S\u00e4ngerlust Haimbach)<br \/>\nab 18.00 Uhr Zwiebelsploatz aus dem Backh\u00e4uschen<br \/>\nIm Festzelt<br \/>\nab 19.00 Uhr Musik mit den \u201eMagic Instruments\u201c (Bl\u00e4serklasse der Bardoschule)<br \/>\nab 21.00 Uhr Musik mit Kjell M\u00fcller<\/p>\n<p>Sonntag, 28. Juni 2015<br \/>\n11.00 Uhr Festgottesdienst mit Bischof Martin Hein, parallel Kindergottesdienst<br \/>\nim Anschluss kurze Festworte (u.a. Oberb\u00fcrgermeister Gerhard M\u00f6ller)<br \/>\nanschlie\u00dfend Kaffee, Kuchen, Gegrilltes, H\u00fcpfburg und Spieleparcours f\u00fcr Kinder<br \/>\nab 16.00 Uhr Musik im Festzelt mit Musikverein K\u00e4mmerzell<br \/>\nZwiebelsploatz aus dem Backh\u00e4uschen<\/p>\n","protected":false},"excerpt":{"rendered":"<div class=\"tmnf_excerpt\"><p>1938 wird ein ganzes Dorf aus der Rh\u00f6n umgesiedelt. Ab 2000 entsteht ein Neubaugebiet in Fulda. Eng mit beidem h\u00e4ngt auch die Wachstumsgeschichte der Evangelischen Kreuzkirche in Fulda-Neuenberg zusammen, die jetzt ihr 50-j\u00e4hriges Jubil\u00e4um feiert. In einem halben Jahrhundert wuchs die Gemeinde rasant, von 300 auf aktuell 2510 Gemeindeglieder. \u201eLobe den Herrn, meine Seele, und &hellip;<\/p>\n<\/div>","protected":false},"author":1,"featured_media":140198,"comment_status":"closed","ping_status":"closed","sticky":false,"template":"","format":"standard","meta":{"footnotes":""},"categories":[1,50],"tags":[],"class_list":["post-140196","post","type-post","status-publish","format-standard","has-post-thumbnail","hentry","category-startseite","category-kirche"],"_links":{"self":[{"href":"https:\/\/www.fuldaernachrichten.de\/index.php?rest_route=\/wp\/v2\/posts\/140196","targetHints":{"allow":["GET"]}}],"collection":[{"href":"https:\/\/www.fuldaernachrichten.de\/index.php?rest_route=\/wp\/v2\/posts"}],"about":[{"href":"https:\/\/www.fuldaernachrichten.de\/index.php?rest_route=\/wp\/v2\/types\/post"}],"author":[{"embeddable":true,"href":"https:\/\/www.fuldaernachrichten.de\/index.php?rest_route=\/wp\/v2\/users\/1"}],"replies":[{"embeddable":true,"href":"https:\/\/www.fuldaernachrichten.de\/index.php?rest_route=%2Fwp%2Fv2%2Fcomments&post=140196"}],"version-history":[{"count":1,"href":"https:\/\/www.fuldaernachrichten.de\/index.php?rest_route=\/wp\/v2\/posts\/140196\/revisions"}],"predecessor-version":[{"id":140199,"href":"https:\/\/www.fuldaernachrichten.de\/index.php?rest_route=\/wp\/v2\/posts\/140196\/revisions\/140199"}],"wp:featuredmedia":[{"embeddable":true,"href":"https:\/\/www.fuldaernachrichten.de\/index.php?rest_route=\/wp\/v2\/media\/140198"}],"wp:attachment":[{"href":"https:\/\/www.fuldaernachrichten.de\/index.php?rest_route=%2Fwp%2Fv2%2Fmedia&parent=140196"}],"wp:term":[{"taxonomy":"category","embeddable":true,"href":"https:\/\/www.fuldaernachrichten.de\/index.php?rest_route=%2Fwp%2Fv2%2Fcategories&post=140196"},{"taxonomy":"post_tag","embeddable":true,"href":"https:\/\/www.fuldaernachrichten.de\/index.php?rest_route=%2Fwp%2Fv2%2Ftags&post=140196"}],"curies":[{"name":"wp","href":"https:\/\/api.w.org\/{rel}","templated":true}]}}