{"id":140188,"date":"2015-06-22T16:04:10","date_gmt":"2015-06-22T14:04:10","guid":{"rendered":"http:\/\/www.fuldaer-nachrichten.de\/?p=140188"},"modified":"2015-06-22T16:04:10","modified_gmt":"2015-06-22T14:04:10","slug":"2-kur-parkcours-am-21-juni-in-bad-salzschlirf-ein-kurort-in-bewegung","status":"publish","type":"post","link":"https:\/\/www.fuldaernachrichten.de\/?p=140188","title":{"rendered":"2. Kur-Park(c)ours am 21. Juni in Bad Salzschlirf &#8211; Ein Kurort in Bewegung"},"content":{"rendered":"<p>Frei nach dem Motto: &#8221; Sport, Spiel &amp; Spa\u00df&#8221; f\u00fcr die ganze Familie fand am Sonntag den 21. Juni der 2. Kur-Park(c)ours\u00c2\u00a0 im Kurpark von Bad Salzschlirf statt. Zu Beginn lie\u00df Petrus es kr\u00e4ftig regnen doch ab der Mittagszeit hatte er ein einsehen. So konnten sich die Besucher im trockenen beim Kistenklettern, Biathlon, Baseball und vielen weiteren Sport- und Bewegungsstationen versuchen. Musikalisch begleitet wurde die Veranstaltung von der Big Band der Hochschule Fulda. Unter allen Teilnehmern wurde am Ende des Tages tolle Gewinne der Klink Dr. W\u00fcsthofen, des Restaurant Kulturkessel, des Windbeutelcaf\u00e8s S\u00f6derberg und der Aquasalis Therme verlost.<\/p>\n","protected":false},"excerpt":{"rendered":"<div class=\"tmnf_excerpt\"><p>Frei nach dem Motto: &#8221; Sport, Spiel &amp; Spa\u00df&#8221; f\u00fcr die ganze Familie fand am Sonntag den 21. Juni der 2. Kur-Park(c)ours\u00c2\u00a0 im Kurpark von Bad Salzschlirf statt. Zu Beginn lie\u00df Petrus es kr\u00e4ftig regnen doch ab der Mittagszeit hatte er ein einsehen. So konnten sich die Besucher im trockenen beim Kistenklettern, Biathlon, Baseball und &hellip;<\/p>\n<\/div>","protected":false},"author":1,"featured_media":140189,"comment_status":"closed","ping_status":"closed","sticky":false,"template":"","format":"gallery","meta":{"footnotes":""},"categories":[1,72,44],"tags":[],"class_list":["post-140188","post","type-post","status-publish","format-gallery","has-post-thumbnail","hentry","category-startseite","category-jugend","category-kultur","post_format-post-format-gallery"],"_links":{"self":[{"href":"https:\/\/www.fuldaernachrichten.de\/index.php?rest_route=\/wp\/v2\/posts\/140188","targetHints":{"allow":["GET"]}}],"collection":[{"href":"https:\/\/www.fuldaernachrichten.de\/index.php?rest_route=\/wp\/v2\/posts"}],"about":[{"href":"https:\/\/www.fuldaernachrichten.de\/index.php?rest_route=\/wp\/v2\/types\/post"}],"author":[{"embeddable":true,"href":"https:\/\/www.fuldaernachrichten.de\/index.php?rest_route=\/wp\/v2\/users\/1"}],"replies":[{"embeddable":true,"href":"https:\/\/www.fuldaernachrichten.de\/index.php?rest_route=%2Fwp%2Fv2%2Fcomments&post=140188"}],"version-history":[{"count":1,"href":"https:\/\/www.fuldaernachrichten.de\/index.php?rest_route=\/wp\/v2\/posts\/140188\/revisions"}],"predecessor-version":[{"id":140195,"href":"https:\/\/www.fuldaernachrichten.de\/index.php?rest_route=\/wp\/v2\/posts\/140188\/revisions\/140195"}],"wp:featuredmedia":[{"embeddable":true,"href":"https:\/\/www.fuldaernachrichten.de\/index.php?rest_route=\/wp\/v2\/media\/140189"}],"wp:attachment":[{"href":"https:\/\/www.fuldaernachrichten.de\/index.php?rest_route=%2Fwp%2Fv2%2Fmedia&parent=140188"}],"wp:term":[{"taxonomy":"category","embeddable":true,"href":"https:\/\/www.fuldaernachrichten.de\/index.php?rest_route=%2Fwp%2Fv2%2Fcategories&post=140188"},{"taxonomy":"post_tag","embeddable":true,"href":"https:\/\/www.fuldaernachrichten.de\/index.php?rest_route=%2Fwp%2Fv2%2Ftags&post=140188"}],"curies":[{"name":"wp","href":"https:\/\/api.w.org\/{rel}","templated":true}]}}