{"id":140172,"date":"2015-06-21T19:04:33","date_gmt":"2015-06-21T17:04:33","guid":{"rendered":"http:\/\/www.fuldaer-nachrichten.de\/?p=140172"},"modified":"2015-06-21T19:04:33","modified_gmt":"2015-06-21T17:04:33","slug":"schulwanderungen-foerdern-nachhaltige-entwicklung","status":"publish","type":"post","link":"https:\/\/www.fuldaernachrichten.de\/?p=140172","title":{"rendered":"Schulwanderungen f\u00f6rdern nachhaltige Entwicklung"},"content":{"rendered":"<p><a href=\"http:\/\/www.fuldaer-nachrichten.de\/wp-content\/uploads\/2015\/06\/115_DWT_Umzug1.jpg\"><img fetchpriority=\"high\" decoding=\"async\" class=\"alignleft size-thumbnail wp-image-140173\" src=\"http:\/\/www.fuldaer-nachrichten.de\/wp-content\/uploads\/2015\/06\/115_DWT_Umzug1-265x446.jpg\" alt=\"115_DWT_Umzug1\" width=\"265\" height=\"446\" srcset=\"https:\/\/www.fuldaernachrichten.de\/wp-content\/uploads\/2015\/06\/115_DWT_Umzug1-265x446.jpg 265w, https:\/\/www.fuldaernachrichten.de\/wp-content\/uploads\/2015\/06\/115_DWT_Umzug1-158x265.jpg 158w, https:\/\/www.fuldaernachrichten.de\/wp-content\/uploads\/2015\/06\/115_DWT_Umzug1-357x600.jpg 357w, https:\/\/www.fuldaernachrichten.de\/wp-content\/uploads\/2015\/06\/115_DWT_Umzug1.jpg 900w\" sizes=\"(max-width: 265px) 100vw, 265px\" \/><\/a>Der 115. Deutsche Wandertag ist heute (Montag, 22. Juni) in Paderborn zu Ende gegangen. W\u00e4hrend des Wandertages wurde das Engagement des Deutschen Wanderverbandes f\u00fcr das Schulwandern von der UNESCO ausgezeichnet. Auch die stellvertretende NRW-Ministerpr\u00e4sidentin und Schulministerin Sylvia L\u00f6hrmann sowie der ehemalige Bundesumweltminister Professor Dr. Klaus T\u00f6pfer lobten dieses Engagement. In einer w\u00e4hrend des Wandertages verabschiedeten Resolution fordert der Deutsche Wanderverband, dass die mit dem Schulwandern verbundenen Lernchancen in Politik und Gesellschaft st\u00e4rker anerkannt und genutzt werden.<\/p>\n<p>Paderborn &#8211; Der 115. Deutsche Wandertag hat unter dem Motto \u201eWandern an Quellen\u201c viele Tausend G\u00e4ste in das Paderborner Land gelockt. Allein am gro\u00dfen Festumzug in Paderborn beteiligten sich laut\u00c2\u00a0 dem Deutschen Wanderverband\u00c2\u00a0 (DWV) fast 10.000 Menschen. Dr. Hans-Ulrich Rauchfu\u00df, Pr\u00e4sident des Deutschen Wanderverbandes (DWV): \u201eDie Besucher haben das Paderborner Land w\u00e4hrend des Wandertages f\u00fcr sich entdeckt und viele wollen wiederkommen.\u201c Wie seine Vorg\u00e4nger werde auch der 115. Deutsche Wandertag der Region, in der er veranstaltet wird, einen nachhaltigen Wachstumsschub verleihen, so der Pr\u00e4sident. Sylvia L\u00f6hrmann, stellvertretende Ministerpr\u00e4sidentin und Schulministerin des Landes Nordrhein-Westfalen, sagte in Paderborn: \u201eEs freut mich, dass der Deutsche Wanderverband den 115. Deutschen Wandertag in Paderborn ausgetragen hat. Auf diese Weise konnten sich viele Tausend Menschen selbst davon \u00fcberzeugen, wie gut es sich in Nordrhein-Westfalen wandern l\u00e4sst.\u201c<\/p>\n<p>Der Deutsche Wandertag ist das gr\u00f6\u00dfte Wanderfest der Welt, das j\u00e4hrlich vom Deutschen Wanderverband (DWV) in wechselnden Regionen veranstaltet wird. Unter dem Dach des DWV sind 57 Mitgliedsvereine mit rund 600.000 Menschen organisiert. Diese k\u00fcmmern sich ehrenamtlich um rund 200.000 Kilometer Wanderwege in Deutschland und schaffen so die Grundlage f\u00fcr den kr\u00e4ftig boomenden Wandertourismus in Deutschland. Nicht zuletzt engagieren sie sich im Naturschutz und der Bildungsarbeit.<\/p>\n<p>Die Gastgeber des 115. Deutschen Wandertages vom 17. bis 22. Juni, der Eggegebirgsverein sowie die Stadt und der Landkreis Paderborn, hatten f\u00fcr die Gro\u00dfveranstaltung vielf\u00e4ltige gef\u00fchrte Wanderungen, eine Tourismusmesse und ein gro\u00dfes Rahmenprogramm organisiert. Es gab eine Reihe spannender Angebote sowohl f\u00fcr \u00e4ltere als auch f\u00fcr j\u00fcngere Menschen.<\/p>\n<p>Der ehemalige Bundesumweltminister Professor Dr. Klaus T\u00f6pfer betonte in Paderborn, wie wichtig es sei, gerade j\u00fcngere Menschen an das Wandern heranzuf\u00fchren und sie dabei f\u00fcr den Wert der biologischen Vielfalt zu sensibilisieren. Es freue ihn, dass er das j\u00fcngste DWV-Projekt zum Schulwandern mit dem Namen \u201eSchulwandern \u2013 Drau\u00dfen erleben. Vielfalt entdecken. Menschen bewegen.\u201c als &#8220;Ausgezeichnetes Projekt der UN-Dekade Biologische Vielfalt&#8221; auszeichnen d\u00fcrfe. Dieser von der UNESCO vergebene Titel sei ausschlie\u00dflich Projekten vorbehalten, die ein bedeutendes Zeichen f\u00fcr das Engagement f\u00fcr die biologische Vielfalt in Deutschland setzten. \u201eSie tragen \u00fcber den konkreten Beitrag in Ihrem Projekt hinaus zudem dazu bei, mehr Menschen f\u00fcr die Erhaltung der biologischen Vielfalt zu motivieren\u201c, so T\u00f6pfer zu den am Projekt beteiligten Personen.<\/p>\n<p>Auch Ministerin L\u00f6hrmann sieht viele Vorteile, wenn Kinder und Jugendliche wandern: \u201eNatur- und Artenschutz ist eine Querschnittsaufgabe der gesamten Gesellschaft. Fachlich gut begleitete Schulwanderungen k\u00f6nnen einen gro\u00dfen Beitrag dazu leisten, dies unseren Sch\u00fclerinnen und Sch\u00fclern erfahrbar und begreifbar zu machen. Und schlie\u00dflich stellt das Erleben der Natur einen eigenen Wert dar, der jungen Menschen durch Wanderungen vermittelt wird. Wer wandert, h\u00e4lt sich also nicht nur fit, sondern wird auch f\u00fcr die Sch\u00e4tze unserer Umwelt und Gesellschaft sensibilisiert.\u201c Daher sei es gut, dass der Deutsche Wanderverband sich seit vielen Jahren mit Veranstaltungen, Schulungen und konkreten Ideen f\u00fcr Schulen und andere Organisationen daf\u00fcr engagiere, dass bundesweit mehr Schulwanderungen angeboten w\u00fcrden.<\/p>\n<p>In einer w\u00e4hrend des 115. Deutschen Wandertages ver\u00f6ffentlichten Resolution fordert der Deutsche Wanderverband mit seinen Landesverb\u00e4nden, Jugendorganisationen und Verbandsmitgliedern, das Schulwandern und Drau\u00dfenlernen in allen Bundesl\u00e4ndern st\u00e4rker gef\u00f6rdert und als Chance ganzheitlichen Lernens im Sinn einer Bildung f\u00fcr eine nachhaltige Entwicklung anerkannt wird. \u201eSchulwandern im Kontext des Drau\u00dfenlernens und Entdeckens ist ein unverzichtbarer Bestandteil der Schulzeit und muss einen besonderen p\u00e4dagogischen Stellenwert haben\u201c, so ein zentraler Satz der Resolution.<\/p>\n<p>DWV-Pr\u00e4sident Rauchfu\u00df betonte, dass alle Beteiligten vor Ort m\u00f6glichst zusammenarbeiten sollten, um entsprechende Lernerfahrungen zu erm\u00f6glichen. Darin sieht auch Sylvia L\u00f6hrmann eine gro\u00dfe Chance: \u201eBei Kooperationen wie hier vor Ort zwischen dem Grundschulverbund Altenbeken-Buke-Schwaney, der Gemeinde Altenbeken sowie dem Eggegebirgsverein profitieren alle Beteiligten. Es entsteht ein Bildungsangebot f\u00fcr junge Menschen, das zugleich die Attraktivit\u00e4t der beteiligten Kommunen hebt. Ich danke deshalb allen Beteiligten f\u00fcr ihr Engagement.\u201c Die Natur-und Umweltschutz-Akademie NRW, die Waldp\u00e4dagoginnen und -p\u00e4dagogen, die Nationalparkschulen des Landes NRW und viele Naturschutzorganisationen st\u00fcnden als zus\u00e4tzliche Unterst\u00fctzer, etwa mit Bildungsangeboten f\u00fcr Lehrerinnen und Lehrer, bereit.<\/p>\n<p>Traditioneller H\u00f6hepunkt Deutscher Wandertage ist der Empfang der Wandertags-Wimpel-Gruppe. Sie wurde auch in diesem Jahr mit viel Beifall von den Besuchern des Wandertages in Paderborn empfangen. Der Wandertagswimpel als \u201eOlympisches Feuer\u201c des Deutschen Wandertages wird traditionell von Vertretern des Wandervereines, in dessen Region das Gro\u00dfereignis im Vorjahr stattgefunden hat, zum Austragungsort des kommenden Wandertages zu Fu\u00df gebracht. In diesem Jahr war die Gruppe nach einem rund 250\u00c2\u00a0 Kilometer langen Fu\u00dfmarsch aus Bad Harzburg im Harz in Paderborn eingetroffen.<\/p>\n<p>Der 116. Deutsche Wandertag wird vom 22. bis 26. Juni 2016 in Sebnitz in der S\u00e4chsischen Schweiz stattfinden. Wanderhauptstadt im Jahr 2017 wird vom 26. bis 31. Juli Eisenach in Th\u00fcringen.<\/p>\n","protected":false},"excerpt":{"rendered":"<div class=\"tmnf_excerpt\"><p>Der 115. Deutsche Wandertag ist heute (Montag, 22. Juni) in Paderborn zu Ende gegangen. W\u00e4hrend des Wandertages wurde das Engagement des Deutschen Wanderverbandes f\u00fcr das Schulwandern von der UNESCO ausgezeichnet. Auch die stellvertretende NRW-Ministerpr\u00e4sidentin und Schulministerin Sylvia L\u00f6hrmann sowie der ehemalige Bundesumweltminister Professor Dr. Klaus T\u00f6pfer lobten dieses Engagement. In einer w\u00e4hrend des Wandertages verabschiedeten &hellip;<\/p>\n<\/div>","protected":false},"author":1,"featured_media":140174,"comment_status":"closed","ping_status":"closed","sticky":false,"template":"","format":"standard","meta":{"footnotes":""},"categories":[1],"tags":[],"class_list":["post-140172","post","type-post","status-publish","format-standard","has-post-thumbnail","hentry","category-startseite"],"_links":{"self":[{"href":"https:\/\/www.fuldaernachrichten.de\/index.php?rest_route=\/wp\/v2\/posts\/140172","targetHints":{"allow":["GET"]}}],"collection":[{"href":"https:\/\/www.fuldaernachrichten.de\/index.php?rest_route=\/wp\/v2\/posts"}],"about":[{"href":"https:\/\/www.fuldaernachrichten.de\/index.php?rest_route=\/wp\/v2\/types\/post"}],"author":[{"embeddable":true,"href":"https:\/\/www.fuldaernachrichten.de\/index.php?rest_route=\/wp\/v2\/users\/1"}],"replies":[{"embeddable":true,"href":"https:\/\/www.fuldaernachrichten.de\/index.php?rest_route=%2Fwp%2Fv2%2Fcomments&post=140172"}],"version-history":[{"count":1,"href":"https:\/\/www.fuldaernachrichten.de\/index.php?rest_route=\/wp\/v2\/posts\/140172\/revisions"}],"predecessor-version":[{"id":140175,"href":"https:\/\/www.fuldaernachrichten.de\/index.php?rest_route=\/wp\/v2\/posts\/140172\/revisions\/140175"}],"wp:featuredmedia":[{"embeddable":true,"href":"https:\/\/www.fuldaernachrichten.de\/index.php?rest_route=\/wp\/v2\/media\/140174"}],"wp:attachment":[{"href":"https:\/\/www.fuldaernachrichten.de\/index.php?rest_route=%2Fwp%2Fv2%2Fmedia&parent=140172"}],"wp:term":[{"taxonomy":"category","embeddable":true,"href":"https:\/\/www.fuldaernachrichten.de\/index.php?rest_route=%2Fwp%2Fv2%2Fcategories&post=140172"},{"taxonomy":"post_tag","embeddable":true,"href":"https:\/\/www.fuldaernachrichten.de\/index.php?rest_route=%2Fwp%2Fv2%2Ftags&post=140172"}],"curies":[{"name":"wp","href":"https:\/\/api.w.org\/{rel}","templated":true}]}}