{"id":140160,"date":"2015-06-20T20:00:40","date_gmt":"2015-06-20T18:00:40","guid":{"rendered":"http:\/\/www.fuldaer-nachrichten.de\/?p=140160"},"modified":"2015-06-20T20:00:40","modified_gmt":"2015-06-20T18:00:40","slug":"kletternachmittag-fuer-jugendliche-fluechtlinge%e2%80%a8-seil-und-haken-als-brueckenbauer","status":"publish","type":"post","link":"https:\/\/www.fuldaernachrichten.de\/?p=140160","title":{"rendered":"Kletternachmittag f\u00fcr jugendliche Fl\u00fcchtlinge\u00e2\u20ac\u00a8 &#8211; Seil und Haken als Br\u00fcckenbauer"},"content":{"rendered":"<p><a href=\"http:\/\/www.fuldaer-nachrichten.de\/wp-content\/uploads\/2015\/06\/DAV-Kletternachmittag-III.jpg\"><img decoding=\"async\" class=\"alignleft size-thumbnail wp-image-140162\" src=\"http:\/\/www.fuldaer-nachrichten.de\/wp-content\/uploads\/2015\/06\/DAV-Kletternachmittag-III-265x176.jpg\" alt=\"DAV Kletternachmittag III\" width=\"265\" height=\"176\" srcset=\"https:\/\/www.fuldaernachrichten.de\/wp-content\/uploads\/2015\/06\/DAV-Kletternachmittag-III-265x176.jpg 265w, https:\/\/www.fuldaernachrichten.de\/wp-content\/uploads\/2015\/06\/DAV-Kletternachmittag-III-600x398.jpg 600w, https:\/\/www.fuldaernachrichten.de\/wp-content\/uploads\/2015\/06\/DAV-Kletternachmittag-III.jpg 900w\" sizes=\"(max-width: 265px) 100vw, 265px\" \/><\/a>Die Sektion Fulda des Deutschen Alpenvereins (DAV) hat am Freitag, 19. Juni, einen Kletternachmittag f\u00fcr jugendliche Fl\u00fcchtlinge organisiert. Die Idee stammte von der Jugendgruppe der Fuldaer Sektion, die diesen sportlichen Nachmittag auch organisierte. Gemeinsam erlebten die Jugendlichen die Faszination des Klettersports und kamen aber auch abseits von Seil und Haken ins Gespr\u00e4ch.<\/p>\n<p>Zusammenhalt und Vertrauen auf den Partner &#8211; aber vor allem viel Spa\u00df. Das macht die Faszination des Klettersports aus. Rund 20 jugendliche Fl\u00fcchtlinge lernten genau das an einem Kletternachmittag mit ihren Altersgenossen der DAV-Jugendgruppe der Sektion Fulda kennen und waren begeistert. \u201eAlle sind auf Anhieb unsere 14m hohen Kletterw\u00e4nde hinauf gestiegen und hatten sichtlich Spa\u00df dabei\u201c, berichtet Britta B\u00f6ttcher, die im Kletterzentrum der Sektion gerade ein Freiwilliges Soziales Jahr absolviert und den Nachmittag gemeinsam mit Jugendreferentin Anke Vogt organisiert hatte.<\/p>\n<p>Die Idee dazu stammte von den Jugendlichen selbst, die j\u00e4hrlich ein soziales Projekt unterst\u00fctzen. \u00dcber Marc Wehner, Jugendleiter beim DAV und Lehrer an der Fuldaer Richard-M\u00fcller-Schule, kam schlie\u00dflich der Kontakt zu einer dortigen Integrativklasse zu Stande. \u201eIn unseren Integrativklassen lernen die Jugendlichen die deutsche Sprache und werden auf das Berufsleben vorbereitet. Aber nat\u00fcrlich sollen auch soziale Aspekte nicht zu kurz kommen.\u201c Ein volles Programm also, zu dem Abwechslung gut tut.\u00e2\u20ac\u00a8\u00e2\u20ac\u00a8Und abwechslungsreich wurde es f\u00fcr die jungen Fl\u00fcchtlinge aus Afrika, dem Vorderen Orient und Asien, die abseits des Schulalltags in Jugendheimen untergebracht sind, da sie gr\u00f6\u00dftenteils ohne ihre Eltern aus ihrem\u00e2\u20ac\u00a8Heimatland gefl\u00fcchtet sind: Die DAV Jugendgruppe der Sektion Fulda f\u00fchrte die Jugendlichen zun\u00e4chst ins Hallenklettern ein. W\u00e4hrend die DAVler die Kletterneulinge vom Boden aus sicherten, konnten diese ihre Geschicklich-keit in der Wand testen. Danach hie\u00df es: Energie auftanken, beim selbst zubereiteten Buffet der Jugendgruppe. Frisch gest\u00e4rkt ging es dann an die Kraftstation, bevor am Au\u00dfengel\u00e4nde des Kletterzentrums ein Boulder-wettbewerb auf die Jugendlichen wartete. Zum Ausklang ging es nochmal gemeinschaftlich an die W\u00e4nde.<br \/>\n\u201eEs war ein toller Nachmittag, bei dem jeder vom anderen Lernen konnte, denn auch wir haben einiges \u00fcber die Fl\u00fcchtlinge und ihre Geschichte erfahren. Dieser gegenseitige Austausch hat uns allen viel Spa\u00df gemacht\u201c, blickt Britta B\u00f6ttcher auf den Kletternachmittag zur\u00fcck. Sport als<\/p>\n<p>Br\u00fcckenbauer &#8211; auch f\u00fcr Michael Rutkowski, dem 1. Vorsitzenden der Sektion Fulda des DAV, war dieser Nachmittag ein voller Erfolg. \u201eUnsere Jugendlichen haben gezeigt, dass man den Spa\u00df am Sport weitertragen und \u00fcber die eigene Begeisterung etwas an andere zur\u00fcckgeben kann.\u201c<\/p>\n<p>Bildunterschriften:\u00e2\u20ac\u00a8DAV Kletternachmittag I: Beim Kletternachmittag konnten die jugendlichen Fl\u00fcchtlinge ihre Geschicklichkeit unter Beweis stellen.<br \/>\nDAV Kletternachmittag II: Gemeinsam einen neuen Sport kennenlernen und Vertrauen zu anderen aufbauen &#8211; beim Kletternachmittag der DAV Jugendgruppe.\u00e2\u20ac\u00a8DAV Kletternachmittag III: Die jugendlichen Fl\u00fcchtlinge zeigten gro\u00dfes Interesse am Klettern im Kletterzentrum Fulda.<\/p>\n<p>Hintergrund:<br \/>\nDie Sektion Fulda des Deutschen Alpenvereins wurde 1886 gegr\u00fcndet und z\u00e4hlt \u00fcber 4.000 Mitglieder. Damit ist der Verein der mitgliederst\u00e4rkste in der Region Fulda. Die Vereinsmitglieder sind in den Gruppen \u201eJugend\u201c, \u201eKlettern\u201c, \u201eAlpine Touren\u201c, \u201eWandern\u201c, \u201eMountainbike\u201c, \u201eSport\u201c und \u201eFamilie\u201c aktiv. Zum Jugendbereich geh\u00f6rt auch eine Leistungsgruppe, die regelm\u00e4\u00dfig erfolgreich an \u00fcberregionalen Wettk\u00e4mpfen teilnimmt.<br \/>\nDar\u00fcber hinaus besitzt die Sektion Fulda die Enzianh\u00fctte in der Rh\u00f6n und betreut den Fuldaer H\u00f6henweg im \u00f6sterreichischen Pitztal.<\/p>\n<p>Neben den sportlichen Aktivit\u00e4ten engagieren sich die Mitglieder auch f\u00fcr den Naturschutz und die Gesellschaft z.B. im Rahmen der j\u00e4hrlichen Osterputzaktion oder von Inklusionsaktionen.<br \/>\nDer Deutsche Alpenverein ist der gr\u00f6\u00dfte Bergsportverein der Welt und einer der\u00c2\u00a0gro\u00dfen Sport- und Naturschutzverb\u00e4nde in Deutschland. Insgesamt z\u00e4hlt er \u00fcber 1 Millionen Mitglieder in mehr als 350 bundesweiten Sektionen.<\/p>\n","protected":false},"excerpt":{"rendered":"<div class=\"tmnf_excerpt\"><p>Die Sektion Fulda des Deutschen Alpenvereins (DAV) hat am Freitag, 19. Juni, einen Kletternachmittag f\u00fcr jugendliche Fl\u00fcchtlinge organisiert. Die Idee stammte von der Jugendgruppe der Fuldaer Sektion, die diesen sportlichen Nachmittag auch organisierte. Gemeinsam erlebten die Jugendlichen die Faszination des Klettersports und kamen aber auch abseits von Seil und Haken ins Gespr\u00e4ch. Zusammenhalt und Vertrauen &hellip;<\/p>\n<\/div>","protected":false},"author":1,"featured_media":140161,"comment_status":"closed","ping_status":"closed","sticky":false,"template":"","format":"standard","meta":{"footnotes":""},"categories":[46],"tags":[],"class_list":["post-140160","post","type-post","status-publish","format-standard","has-post-thumbnail","hentry","category-sport"],"_links":{"self":[{"href":"https:\/\/www.fuldaernachrichten.de\/index.php?rest_route=\/wp\/v2\/posts\/140160","targetHints":{"allow":["GET"]}}],"collection":[{"href":"https:\/\/www.fuldaernachrichten.de\/index.php?rest_route=\/wp\/v2\/posts"}],"about":[{"href":"https:\/\/www.fuldaernachrichten.de\/index.php?rest_route=\/wp\/v2\/types\/post"}],"author":[{"embeddable":true,"href":"https:\/\/www.fuldaernachrichten.de\/index.php?rest_route=\/wp\/v2\/users\/1"}],"replies":[{"embeddable":true,"href":"https:\/\/www.fuldaernachrichten.de\/index.php?rest_route=%2Fwp%2Fv2%2Fcomments&post=140160"}],"version-history":[{"count":1,"href":"https:\/\/www.fuldaernachrichten.de\/index.php?rest_route=\/wp\/v2\/posts\/140160\/revisions"}],"predecessor-version":[{"id":140163,"href":"https:\/\/www.fuldaernachrichten.de\/index.php?rest_route=\/wp\/v2\/posts\/140160\/revisions\/140163"}],"wp:featuredmedia":[{"embeddable":true,"href":"https:\/\/www.fuldaernachrichten.de\/index.php?rest_route=\/wp\/v2\/media\/140161"}],"wp:attachment":[{"href":"https:\/\/www.fuldaernachrichten.de\/index.php?rest_route=%2Fwp%2Fv2%2Fmedia&parent=140160"}],"wp:term":[{"taxonomy":"category","embeddable":true,"href":"https:\/\/www.fuldaernachrichten.de\/index.php?rest_route=%2Fwp%2Fv2%2Fcategories&post=140160"},{"taxonomy":"post_tag","embeddable":true,"href":"https:\/\/www.fuldaernachrichten.de\/index.php?rest_route=%2Fwp%2Fv2%2Ftags&post=140160"}],"curies":[{"name":"wp","href":"https:\/\/api.w.org\/{rel}","templated":true}]}}