{"id":140129,"date":"2015-06-19T18:24:51","date_gmt":"2015-06-19T16:24:51","guid":{"rendered":"http:\/\/www.fuldaer-nachrichten.de\/?p=140129"},"modified":"2015-06-19T18:24:51","modified_gmt":"2015-06-19T16:24:51","slug":"vorstandwechsel-beim-seniorenfoerderverein-st-lioba-fulda","status":"publish","type":"post","link":"https:\/\/www.fuldaernachrichten.de\/?p=140129","title":{"rendered":"Vorstandwechsel beim Seniorenf\u00f6rderverein St. Lioba Fulda"},"content":{"rendered":"<p>Bei der Mitgliederversammlung des gemeinn\u00fctzigen Seniorenf\u00f6rdervereins St. Lioba e.V., Fulda wurde die Vorstandposten teilweise neu besetzt. Die \u00c4rztin und Altenpflege \u2013 Fachfrau Dr. Gertrude Haas \u2013 Scheuren kandidierte nach 31 Jahren Vorstandt\u00e4tigkeit aus Altergr\u00fcnden nicht mehr. Der stellvertretende Vorsitzende Manfred Gerhard w\u00fcrdigte die Verdienste der scheidenden Vorsitzenden. Die promovierte Internistin habe dem im Jahre 1888 gegr\u00fcndeten Damenschutzvorstand nicht nur den heutigen Namen gegeben, sondern auch die inhaltlich Arbeit neu gestaltet. Gem\u00e4\u00df dem Grundsatz \u201eF\u00f6rdern durch Fordern\u201c\u00c2\u00a0 seien unterschiedliche therapeutisch orientierte Freizeitangebote inizierte worden. Wenn sie jetzt nach 21 Jahren als Vorsitzende und insgesamt 31 Jahre im Vorstand nicht mehr kandidiere, so \u00fcbergebe Dr. Gertrude Haas \u2013 Scheuren ein wohl bestelltes Feld, mit besten Voraussetzungen die F\u00e4higkeiten von Seniorinnen und Senioren in konkretes Handeln umzusetzen und damit deren Lebensqualit\u00e4t im Alter zu wahren, so der stellvertretende Voritzende . Auf Grund ihrer Verdienste wurde Dr. Gertude Haas- Scheuren zur Ehrenvorsitzenden ernannt. Die scheidende Vorsitzende, die auch mehr als 30 Jahre im Vorstand des Caritasverbandes f\u00fcr die Di\u00f6zese Fulda t\u00e4tig war und im Jahre 1976 die Caritas \u2013Altenpflegeschule gr\u00fcndete, dankte f\u00fcr die Anerkennung. Sie habe ihr Engagement f\u00fcr Menschen jeden Alters immer als christlichen Auftrag angesehen. Der Seniorenf\u00f6rderverein, der \u00fcber Stiftungskapital verf\u00fcgt finanziert aus den Ertr\u00e4gen den Einsatz nebenamtlich Kr\u00e4fte und Aufwandsentsch\u00e4digungen. So aktiviere der Zusammenschluss sozial engagierter B\u00fcrger heute in den Senioreneinrichtungen St. Lioba, Heilig Geist sowie Josefs- und Marienheim in Fulda Seniorinnen und Senioren. Dazu geh\u00f6rten musikalische Angebote\u00c2\u00a0 ebenso wie Bastelarbeiten, Handmassage, Sitz- und B\u00e4ndertanz\u00c2\u00a0 oder Bewegungs- und Denkspiele. Wer helfen will kann sich an Gerhard Dehler, Fulda \u2013 Lehnerz, Tel.: 0661 \u2013 61465 wenden. Ebenso sind auch Geldspenden zur F\u00f6rderung der Arbeit auf das Konto bei der Sparkasse Fulda, IBAN: DE34 5306 0189 0000 0178 76 m\u00f6glich.<\/p>\n<p>Dem neuen Vorstand geh\u00f6ren an:<br \/>\nGerhard Dehler, Vorsitzender, Manfred Gerhard, stellvertretender Vorsitzender, Winfried Stickel, Schatzmeister, Rudolf Eymelt, Ursula Hofmann, Brigitte Schick, Elisabeth Schmidt, Hiltrud Wahl und Generaloberin Schwester Birgit Bohn, Kraft Amtes.<\/p>\n","protected":false},"excerpt":{"rendered":"<div class=\"tmnf_excerpt\"><p>Bei der Mitgliederversammlung des gemeinn\u00fctzigen Seniorenf\u00f6rdervereins St. Lioba e.V., Fulda wurde die Vorstandposten teilweise neu besetzt. Die \u00c4rztin und Altenpflege \u2013 Fachfrau Dr. Gertrude Haas \u2013 Scheuren kandidierte nach 31 Jahren Vorstandt\u00e4tigkeit aus Altergr\u00fcnden nicht mehr. Der stellvertretende Vorsitzende Manfred Gerhard w\u00fcrdigte die Verdienste der scheidenden Vorsitzenden. Die promovierte Internistin habe dem im Jahre 1888 &hellip;<\/p>\n<\/div>","protected":false},"author":1,"featured_media":140133,"comment_status":"closed","ping_status":"closed","sticky":false,"template":"","format":"standard","meta":{"footnotes":""},"categories":[1],"tags":[],"class_list":["post-140129","post","type-post","status-publish","format-standard","has-post-thumbnail","hentry","category-startseite"],"_links":{"self":[{"href":"https:\/\/www.fuldaernachrichten.de\/index.php?rest_route=\/wp\/v2\/posts\/140129","targetHints":{"allow":["GET"]}}],"collection":[{"href":"https:\/\/www.fuldaernachrichten.de\/index.php?rest_route=\/wp\/v2\/posts"}],"about":[{"href":"https:\/\/www.fuldaernachrichten.de\/index.php?rest_route=\/wp\/v2\/types\/post"}],"author":[{"embeddable":true,"href":"https:\/\/www.fuldaernachrichten.de\/index.php?rest_route=\/wp\/v2\/users\/1"}],"replies":[{"embeddable":true,"href":"https:\/\/www.fuldaernachrichten.de\/index.php?rest_route=%2Fwp%2Fv2%2Fcomments&post=140129"}],"version-history":[{"count":1,"href":"https:\/\/www.fuldaernachrichten.de\/index.php?rest_route=\/wp\/v2\/posts\/140129\/revisions"}],"predecessor-version":[{"id":140134,"href":"https:\/\/www.fuldaernachrichten.de\/index.php?rest_route=\/wp\/v2\/posts\/140129\/revisions\/140134"}],"wp:featuredmedia":[{"embeddable":true,"href":"https:\/\/www.fuldaernachrichten.de\/index.php?rest_route=\/wp\/v2\/media\/140133"}],"wp:attachment":[{"href":"https:\/\/www.fuldaernachrichten.de\/index.php?rest_route=%2Fwp%2Fv2%2Fmedia&parent=140129"}],"wp:term":[{"taxonomy":"category","embeddable":true,"href":"https:\/\/www.fuldaernachrichten.de\/index.php?rest_route=%2Fwp%2Fv2%2Fcategories&post=140129"},{"taxonomy":"post_tag","embeddable":true,"href":"https:\/\/www.fuldaernachrichten.de\/index.php?rest_route=%2Fwp%2Fv2%2Ftags&post=140129"}],"curies":[{"name":"wp","href":"https:\/\/api.w.org\/{rel}","templated":true}]}}