{"id":140107,"date":"2015-06-19T15:11:30","date_gmt":"2015-06-19T13:11:30","guid":{"rendered":"http:\/\/www.fuldaer-nachrichten.de\/?p=140107"},"modified":"2015-06-19T15:11:30","modified_gmt":"2015-06-19T13:11:30","slug":"aok-hessen-gewinnt-deutschen-gesundheits-oscar","status":"publish","type":"post","link":"https:\/\/www.fuldaernachrichten.de\/?p=140107","title":{"rendered":"AOK Hessen gewinnt deutschen \u201eGesundheits-Oscar\u201c"},"content":{"rendered":"<p>Der dfg-Award gilt bundesweit als eine der bekanntesten Auszeichnungen f\u00fcr Kampagnen und Projekte in der Gesundheitsbranche. Von den Veranstaltern wird er sogar als \u201eGesundheits-Oscar\u201c gehandelt. Erstmalig hat ihn die AOK Hessen gemeinsam mit der T\u00fcrkisch-Deutschen Gesundheitsstiftung (TDG) f\u00fcr die Vorsorge- und Kommunikationskampagne DAVET erhalten. Herzst\u00fcck von DAVET sind barrierearme und kultursensible Informationen \u00fcber Gesundheit und Fr\u00fcherkennung speziell f\u00fcr t\u00fcrkischst\u00e4mmige B\u00fcrger im Raum Dietzenbach.<\/p>\n<p>\u201eWir haben mit diesem Projekt vor gut drei Jahren Neuland betreten, mit naturgem\u00e4\u00df offenem Ausgang. Sp\u00e4testens mit dieser Auszeichnung wissen wir jedoch, dass der eingeschlagene Weg richtig war und innovative Kommunikationsideen notwendig sind, um andere Menschen in ihren Lebenswelten und ihrem kulturellen Umfeld zu erreichen\u201c, erkl\u00e4rt Fritz M\u00fcller, Vorstandsvorsitzender der AOK Hessen, der den Preis am gestrigen Donnerstag in Hamburg entgegen nahm. Ausgangspunkt von DAVET waren Erkenntnisse \u00fcber die Inanspruchnahme bestimmter medizinischer Leitungen von Migranten: Teilweise nehmen sie Angebote zur Fr\u00fcherkennung und Vorsorge \u2013 beispielsweise den CheckUp 35 \u2013 nur sehr eingeschr\u00e4nkt wahr. Das wiederum tr\u00e4gt dazu bei, dass Erkrankungen gar nicht oder zu sp\u00e4t erkannt werden. \u201eWir wollten einen neuen kommunikativen Zugang zu diesen Menschen schaffen, eine allm\u00e4hliche Bewusstseins\u00e4nderung in Gang setzen, und dies in enger Zusammenarbeit mit niedergelassenen \u00c4rzten\u201c, so M\u00fcller weiter. F\u00fcr diese Anstrengungen gab es dann auch in der Kategorie \u201eHerausragende Kommunikation und Vermarktung\u201c den Hauptpreis des Branchenmagazins dfg (dienst f\u00fcr gesellschaftspolitik).<\/p>\n<p>Es handelt sich jedoch nicht um die erste Auszeichnung f\u00fcr DAVET. Bereits im November 2014 wurden der AOK Hessen und der TDG der Hessische Gesundheitspreis des Hessischen Ministeriums f\u00fcr Soziales und Integration zuerkannt. In der damaligen Begr\u00fcndung von Sozialminister Stefan Gr\u00fcttner hie\u00df es, dass \u201ees dem Projekt in der zweij\u00e4hrigen Projektlaufzeit gelungen ist, 50 % (900 Personen) der Zielgruppe bei den teilnehmenden Arztpraxen f\u00fcr Vorsorgema\u00dfnahmen zu mobilisieren.\u201c<\/p>\n","protected":false},"excerpt":{"rendered":"<div class=\"tmnf_excerpt\"><p>Der dfg-Award gilt bundesweit als eine der bekanntesten Auszeichnungen f\u00fcr Kampagnen und Projekte in der Gesundheitsbranche. Von den Veranstaltern wird er sogar als \u201eGesundheits-Oscar\u201c gehandelt. Erstmalig hat ihn die AOK Hessen gemeinsam mit der T\u00fcrkisch-Deutschen Gesundheitsstiftung (TDG) f\u00fcr die Vorsorge- und Kommunikationskampagne DAVET erhalten. Herzst\u00fcck von DAVET sind barrierearme und kultursensible Informationen \u00fcber Gesundheit und &hellip;<\/p>\n<\/div>","protected":false},"author":1,"featured_media":0,"comment_status":"closed","ping_status":"closed","sticky":false,"template":"","format":"standard","meta":{"footnotes":""},"categories":[1,51],"tags":[],"class_list":["post-140107","post","type-post","status-publish","format-standard","hentry","category-startseite","category-medizin"],"_links":{"self":[{"href":"https:\/\/www.fuldaernachrichten.de\/index.php?rest_route=\/wp\/v2\/posts\/140107","targetHints":{"allow":["GET"]}}],"collection":[{"href":"https:\/\/www.fuldaernachrichten.de\/index.php?rest_route=\/wp\/v2\/posts"}],"about":[{"href":"https:\/\/www.fuldaernachrichten.de\/index.php?rest_route=\/wp\/v2\/types\/post"}],"author":[{"embeddable":true,"href":"https:\/\/www.fuldaernachrichten.de\/index.php?rest_route=\/wp\/v2\/users\/1"}],"replies":[{"embeddable":true,"href":"https:\/\/www.fuldaernachrichten.de\/index.php?rest_route=%2Fwp%2Fv2%2Fcomments&post=140107"}],"version-history":[{"count":1,"href":"https:\/\/www.fuldaernachrichten.de\/index.php?rest_route=\/wp\/v2\/posts\/140107\/revisions"}],"predecessor-version":[{"id":140108,"href":"https:\/\/www.fuldaernachrichten.de\/index.php?rest_route=\/wp\/v2\/posts\/140107\/revisions\/140108"}],"wp:attachment":[{"href":"https:\/\/www.fuldaernachrichten.de\/index.php?rest_route=%2Fwp%2Fv2%2Fmedia&parent=140107"}],"wp:term":[{"taxonomy":"category","embeddable":true,"href":"https:\/\/www.fuldaernachrichten.de\/index.php?rest_route=%2Fwp%2Fv2%2Fcategories&post=140107"},{"taxonomy":"post_tag","embeddable":true,"href":"https:\/\/www.fuldaernachrichten.de\/index.php?rest_route=%2Fwp%2Fv2%2Ftags&post=140107"}],"curies":[{"name":"wp","href":"https:\/\/api.w.org\/{rel}","templated":true}]}}